{"id":56602,"date":"2024-07-12T17:07:23","date_gmt":"2024-07-12T23:07:23","guid":{"rendered":"https:\/\/encuentroinformativo.com.mx\/?p=56602"},"modified":"2024-07-12T17:07:30","modified_gmt":"2024-07-12T23:07:30","slug":"reconoce-alcalde-jm-unanue-a-abogados-veracruzanos-por-su-compromiso-con-la-justicia","status":"publish","type":"post","link":"https:\/\/encuentroinformativo.com.mx\/?p=56602","title":{"rendered":"Reconoce Alcalde JM Un\u00e1nue a abogados veracruzanos por su compromiso con la justicia"},"content":{"rendered":"\n<p><strong>*<em>En el marco del D\u00eda del Abogado, el mun\u00edcipe entreg\u00f3 merecidos reconocimientos a 135 destacados litigantes<\/em>.<\/strong><\/p>\n\n\n\n<p>Boca del R\u00edo, Ver.- En el marco del D\u00eda del Abogado, el alcalde de Boca del R\u00edo, Juan Manuel Un\u00e1nue Abascal, reconoci\u00f3 a los litigantes que han dedicado su vida a la defensa de la justicia y los derechos fundamentales de los veracruzanos.<\/p>\n\n\n\n<p>\u201cEn este d\u00eda especial aprovechemos la oportunidad para expresar nuestra m\u00e1s profunda gratitud y reconocimiento a todos los abogados por su dedicaci\u00f3n, \u00e9tica y sacrificio en el cumplimiento de su deber\u201d, expres\u00f3 el edil.<\/p>\n\n\n\n<p>La primera autoridad boque\u00f1a reconoci\u00f3 a 135 destacados licenciados, maestros y doctores en derecho, integrantes de colegios, academias y foros de abogados. A su vez, al Ejecutivo Municipal le fue entregado un reconocimiento por su arduo trabajo a favor de los boque\u00f1os.<\/p>\n\n\n\n<p>Reunidos en el patio central del Palacio Municipal, se recalc\u00f3 que son pilares fundamentales de nuestra comunidad, no solo por su conocimiento experto del derecho, sino por su compromiso inquebrantable con la equidad, la justicia y el Estado de Derecho.<\/p>\n\n\n\n<p>A trav\u00e9s de su labor diaria, boque\u00f1os y veracruzanos sin importar su origen o estatus, pueden acceder a la protecci\u00f3n legal y encontrar una voz en los tribunales.<\/p>\n\n\n\n<p>Asimismo, Un\u00e1nue Abascal dijo que nadie debe subestimar la importancia de su labor en la promoci\u00f3n de los derechos fundamentales, desde la defensa de los m\u00e1s vulnerables hasta la representaci\u00f3n de empresas y comunidades; los abogados desempe\u00f1an un papel vital en la construcci\u00f3n de una sociedad m\u00e1s justa y equitativa.<\/p>\n\n\n\n<p>Por su parte, Teresa Cruz Flores; Presidenta del Centro Jur\u00eddico de Litigaci\u00f3n Oral, Master, A.C., agradeci\u00f3 la apertura del alcalde de Boca del R\u00edo, al recibirlos en la casa de los boque\u00f1os, as\u00ed como reconocer su labor diaria, destacando que por primera vez en el 2023, el municipio y sus autoridades celebraron el D\u00eda del Abogado.<\/p>\n\n\n\n<p>Finalmente, el Presidente Municipal de Boca del R\u00edo agradeci\u00f3 a nombre de los ciudadanos su valiosa contribuci\u00f3n y su compromiso con la justicia y los derechos humanos.<\/p>\n\n\n\n<p><em>FUERON RECONOCIDOS<\/em><\/p>\n\n\n\n<p>El Centro Jur\u00eddico de Litigaci\u00f3n Oral, \u201cMaster\u201d A.C., Colegio del Foro de Licenciados, Especialistas, Maestros y Doctores en Derecho del Estado de Veracruz, A.C., Centro Jur\u00eddico de Litigaci\u00f3n Oral, \u201cMaster\u201d A.C., Pro Libertad Derechos Humanos de Am\u00e9rica Global y Colegio de Licenciados en Derecho Penal, Privado, Coporativo y Fiscal de Veracruz, A.C.<\/p>\n\n\n\n<p>Adem\u00e1s de la Academia Mexicana de Derecho Juan Vel\u00e1zquez (Cap\u00edtulo Veracruz), Colegio de Abogados Laboralista de Veracruz A.C., Barra de Licenciados en Derecho de Veracruz, A.C., Colegio Nacional de Ciencias A.C., Foro Veracruzano de Juristas A.C., Colegio del Foro de Abogados Veracruz A.C.<\/p>\n\n\n\n<p>As\u00ed como integrantes del Colegio de Abogados de Veracruz A.C., Colegio de Abogados en Litigaci\u00f3n Oral del Estado de Veracruz, Colegio de Profesionales en el \u00c1rea Jur\u00eddica, Inmobiliaria y Contable, A.C., Colegio de Profesionales en el \u00c1rea Jur\u00eddica, Inmobiliaria y Contable, A.C., y Cap\u00edtulo Veracruz de la Federaci\u00f3n Nacional de la Abogac\u00eda Liberal, A.C.<\/p>\n","protected":false},"excerpt":{"rendered":"<p>*En el marco del D\u00eda del Abogado, el mun\u00edcipe entreg\u00f3 merecidos reconocimientos a 135 destacados litigantes. Boca del R\u00edo, Ver.- En el marco del D\u00eda del Abogado, el alcalde de Boca del R\u00edo, Juan Manuel Un\u00e1nue Abascal, reconoci\u00f3 a los litigantes que han dedicado su vida a la defensa de la justicia y los derechos [&hellip;]<\/p>\n","protected":false},"author":2476,"featured_media":56603,"comment_status":"open","ping_status":"open","sticky":false,"template":"","format":"standard","meta":{"_jetpack_memberships_contains_paid_content":false,"footnotes":""},"categories":[2],"tags":[],"class_list":["post-56602","post","type-post","status-publish","format-standard","has-post-thumbnail","hentry","category-estado"],"jetpack_featured_media_url":"https:\/\/encuentroinformativo.com.mx\/wp-content\/uploads\/2024\/07\/IMG-20240712-WA0081.jpg","jetpack_sharing_enabled":true,"jetpack_likes_enabled":true,"amp_enabled":true,"_links":{"self":[{"href":"https:\/\/encuentroinformativo.com.mx\/index.php?rest_route=\/wp\/v2\/posts\/56602","targetHints":{"allow":["GET"]}}],"collection":[{"href":"https:\/\/encuentroinformativo.com.mx\/index.php?rest_route=\/wp\/v2\/posts"}],"about":[{"href":"https:\/\/encuentroinformativo.com.mx\/index.php?rest_route=\/wp\/v2\/types\/post"}],"author":[{"embeddable":true,"href":"https:\/\/encuentroinformativo.com.mx\/index.php?rest_route=\/wp\/v2\/users\/2476"}],"replies":[{"embeddable":true,"href":"https:\/\/encuentroinformativo.com.mx\/index.php?rest_route=%2Fwp%2Fv2%2Fcomments&post=56602"}],"version-history":[{"count":1,"href":"https:\/\/encuentroinformativo.com.mx\/index.php?rest_route=\/wp\/v2\/posts\/56602\/revisions"}],"predecessor-version":[{"id":56604,"href":"https:\/\/encuentroinformativo.com.mx\/index.php?rest_route=\/wp\/v2\/posts\/56602\/revisions\/56604"}],"wp:featuredmedia":[{"embeddable":true,"href":"https:\/\/encuentroinformativo.com.mx\/index.php?rest_route=\/wp\/v2\/media\/56603"}],"wp:attachment":[{"href":"https:\/\/encuentroinformativo.com.mx\/index.php?rest_route=%2Fwp%2Fv2%2Fmedia&parent=56602"}],"wp:term":[{"taxonomy":"category","embeddable":true,"href":"https:\/\/encuentroinformativo.com.mx\/index.php?rest_route=%2Fwp%2Fv2%2Fcategories&post=56602"},{"taxonomy":"post_tag","embeddable":true,"href":"https:\/\/encuentroinformativo.com.mx\/index.php?rest_route=%2Fwp%2Fv2%2Ftags&post=56602"}],"curies":[{"name":"wp","href":"https:\/\/api.w.org\/{rel}","templated":true}]}}