{"id":56605,"date":"2024-07-13T14:13:24","date_gmt":"2024-07-13T20:13:24","guid":{"rendered":"https:\/\/encuentroinformativo.com.mx\/?p=56605"},"modified":"2024-07-13T14:13:34","modified_gmt":"2024-07-13T20:13:34","slug":"esperan-alta-afluencia-de-visitantes-a-la-feria-del-libro","status":"publish","type":"post","link":"https:\/\/encuentroinformativo.com.mx\/?p=56605","title":{"rendered":"Esperan alta afluencia de visitantes a la Feria del Libro"},"content":{"rendered":"\n<p><strong>Dar\u00edo Pale <\/strong><\/p>\n\n\n\n<p>Xalapa, Ver.- El titular de la Secretar\u00eda de Turismo (SECTUR), Iv\u00e1n Mart\u00ednez Olvera, dio a conocer que para el periodo vacacional de verano la Secretar\u00eda de Turismo en Veracruz espera la visita de alrededor de 2 millones de personas en nuestro estado.\u00a0<\/p>\n\n\n\n<p>En entrevista dijo que la cifra se conocer\u00e1 y dar\u00e1 a conocer al t\u00e9rmino de este periodo, &#8220;esperamos alrededor de 2 millones de turistas visitantes y al final del periodo se dar\u00e1 a conocer la cifra&#8221;.\u00a0<\/p>\n\n\n\n<p>Entrevistado en la 34 edici\u00f3n de la Feria Nacional del Libro Infantil y Juvenil 2024 en Xalapa, destac\u00f3 las actividades culturales que ofrece este evento durante este periodo.<\/p>\n\n\n\n<p>&#8220;Recibimos muchos turistas y visitantes y en todo el periodo que se realiza la feria, crea actividad cultural para toda la regi\u00f3n&#8221;, se\u00f1al\u00f3.<\/p>\n\n\n\n<p>Finalmente invit\u00f3 a la ciudadan\u00eda para que asista a los pr\u00f3ximos eventos que se realizar\u00e1n en otros municipios del estado en pr\u00f3ximas fechas, como el Festival Cempoala, la Cumbre Olmeca, el Costa Esmeralda Fest, entre otras \u00a0 actividades tur\u00edsticas.<\/p>\n","protected":false},"excerpt":{"rendered":"<p>Dar\u00edo Pale Xalapa, Ver.- El titular de la Secretar\u00eda de Turismo (SECTUR), Iv\u00e1n Mart\u00ednez Olvera, dio a conocer que para el periodo vacacional de verano la Secretar\u00eda de Turismo en Veracruz espera la visita de alrededor de 2 millones de personas en nuestro estado.\u00a0 En entrevista dijo que la cifra se conocer\u00e1 y dar\u00e1 a [&hellip;]<\/p>\n","protected":false},"author":2476,"featured_media":56606,"comment_status":"open","ping_status":"open","sticky":false,"template":"","format":"standard","meta":{"_jetpack_memberships_contains_paid_content":false,"footnotes":""},"categories":[3],"tags":[],"class_list":["post-56605","post","type-post","status-publish","format-standard","has-post-thumbnail","hentry","category-xalapa"],"jetpack_featured_media_url":"https:\/\/encuentroinformativo.com.mx\/wp-content\/uploads\/2024\/07\/IMG-20240713-WA00082.jpg","jetpack_sharing_enabled":true,"jetpack_likes_enabled":true,"amp_enabled":true,"_links":{"self":[{"href":"https:\/\/encuentroinformativo.com.mx\/index.php?rest_route=\/wp\/v2\/posts\/56605","targetHints":{"allow":["GET"]}}],"collection":[{"href":"https:\/\/encuentroinformativo.com.mx\/index.php?rest_route=\/wp\/v2\/posts"}],"about":[{"href":"https:\/\/encuentroinformativo.com.mx\/index.php?rest_route=\/wp\/v2\/types\/post"}],"author":[{"embeddable":true,"href":"https:\/\/encuentroinformativo.com.mx\/index.php?rest_route=\/wp\/v2\/users\/2476"}],"replies":[{"embeddable":true,"href":"https:\/\/encuentroinformativo.com.mx\/index.php?rest_route=%2Fwp%2Fv2%2Fcomments&post=56605"}],"version-history":[{"count":1,"href":"https:\/\/encuentroinformativo.com.mx\/index.php?rest_route=\/wp\/v2\/posts\/56605\/revisions"}],"predecessor-version":[{"id":56607,"href":"https:\/\/encuentroinformativo.com.mx\/index.php?rest_route=\/wp\/v2\/posts\/56605\/revisions\/56607"}],"wp:featuredmedia":[{"embeddable":true,"href":"https:\/\/encuentroinformativo.com.mx\/index.php?rest_route=\/wp\/v2\/media\/56606"}],"wp:attachment":[{"href":"https:\/\/encuentroinformativo.com.mx\/index.php?rest_route=%2Fwp%2Fv2%2Fmedia&parent=56605"}],"wp:term":[{"taxonomy":"category","embeddable":true,"href":"https:\/\/encuentroinformativo.com.mx\/index.php?rest_route=%2Fwp%2Fv2%2Fcategories&post=56605"},{"taxonomy":"post_tag","embeddable":true,"href":"https:\/\/encuentroinformativo.com.mx\/index.php?rest_route=%2Fwp%2Fv2%2Ftags&post=56605"}],"curies":[{"name":"wp","href":"https:\/\/api.w.org\/{rel}","templated":true}]}}