{"id":56616,"date":"2024-07-15T09:27:06","date_gmt":"2024-07-15T15:27:06","guid":{"rendered":"https:\/\/encuentroinformativo.com.mx\/?p=56616"},"modified":"2024-07-15T09:27:13","modified_gmt":"2024-07-15T15:27:13","slug":"sequia-afecto-produccion-de-naranja","status":"publish","type":"post","link":"https:\/\/encuentroinformativo.com.mx\/?p=56616","title":{"rendered":"Sequ\u00eda afect\u00f3 producci\u00f3n de naranja"},"content":{"rendered":"\n<p><strong>Juan Arcos <\/strong><\/p>\n\n\n\n<p>Xalapa, Ver.- La producci\u00f3n de naranja disminuy\u00f3 50 por ciento en el estado de Veracruz, debido a la fuerte sequ\u00eda registrada durante este a\u00f1o.<\/p>\n\n\n\n<p>As\u00ed lo dio a conocer la subsecretaria de Desarrollo Rural, Agronegocios e Infraestructura en la Secretar\u00eda de iDesarrollo, Agropecuario, Rural y Pesca (Sedarpa) Mar\u00eda Jos\u00e9 Fern\u00e1ndez Santiago.<\/p>\n\n\n\n<p>La entrevistada se\u00f1al\u00f3 que es considerable la reducci\u00f3n en la producci\u00f3n de naranja en Veracruz y destac\u00f3 la importancia de la agroecolog\u00eda para la recuperaci\u00f3n.<\/p>\n\n\n\n<p>\u201cViene una disminuci\u00f3n en la producci\u00f3n naranjera muy grande. Pero nuevamente, para los productores que no usaron la agroecolog\u00eda. La agroecolog\u00eda es fundamental. Empezar a hacer cambios hacia esa transici\u00f3n nos va a dejar muy buenos resultados. Es la \u00fanica alternativa que conocemos hasta el d\u00eda de hoy\u201d.<\/p>\n\n\n\n<p>Tan solo en la zona norte del estado, se cosechan 165 mil hect\u00e1reas de naranja, donde los productores reportan que el 50 por ciento de las plantas est\u00e1n marchitas o totalmente secas.<\/p>\n\n\n\n<p>\u201cYa nos quedamos sin mandarina. No hay mandarina. Ya se acab\u00f3 con esa sequ\u00eda. No hay mandarina. Imag\u00ednense. No va a haber naranja para el festejo de Todos Santos\u201d, a\u00f1adi\u00f3.<\/p>\n\n\n\n<p>La funcionaria estatal indic\u00f3 que algunas actividades de agroecolog\u00eda se han detenido por las fuertes lluvias que se han registrado en las \u00faltimas semanas.<\/p>\n\n\n\n<p>&#8220;Ahorita tenemos un problema muy grande precisamente por la p\u00e9rdida que tuvimos. Primero con el hurac\u00e1n de hace tres a\u00f1os. Imag\u00ednense, \u00c1lamo, que es el principal productor, nos dec\u00eda que baj\u00f3 un 70 por ciento.Y luego ahorita un 15 por ciento. O sea, vamos cada vez m\u00e1s abajo. Necesitamos volver a hacer un recuento&#8221;.<\/p>\n\n\n\n<p>Tenemos datos del INEGI, pero obviamente ya no son reales. Tenemos que irnos documentando con cada ayuntamiento, preguntando y viendo, y obviamente las operaciones que nosotros hacemos tambi\u00e9n, agreg\u00f3 Fern\u00e1ndez Santiago.<\/p>\n","protected":false},"excerpt":{"rendered":"<p>Juan Arcos Xalapa, Ver.- La producci\u00f3n de naranja disminuy\u00f3 50 por ciento en el estado de Veracruz, debido a la fuerte sequ\u00eda registrada durante este a\u00f1o. As\u00ed lo dio a conocer la subsecretaria de Desarrollo Rural, Agronegocios e Infraestructura en la Secretar\u00eda de iDesarrollo, Agropecuario, Rural y Pesca (Sedarpa) Mar\u00eda Jos\u00e9 Fern\u00e1ndez Santiago. La entrevistada [&hellip;]<\/p>\n","protected":false},"author":2476,"featured_media":56617,"comment_status":"open","ping_status":"open","sticky":false,"template":"","format":"standard","meta":{"_jetpack_memberships_contains_paid_content":false,"footnotes":""},"categories":[2],"tags":[],"class_list":["post-56616","post","type-post","status-publish","format-standard","has-post-thumbnail","hentry","category-estado"],"jetpack_featured_media_url":"https:\/\/encuentroinformativo.com.mx\/wp-content\/uploads\/2024\/07\/IMG_1296.jpg","jetpack_sharing_enabled":true,"jetpack_likes_enabled":true,"amp_enabled":true,"_links":{"self":[{"href":"https:\/\/encuentroinformativo.com.mx\/index.php?rest_route=\/wp\/v2\/posts\/56616","targetHints":{"allow":["GET"]}}],"collection":[{"href":"https:\/\/encuentroinformativo.com.mx\/index.php?rest_route=\/wp\/v2\/posts"}],"about":[{"href":"https:\/\/encuentroinformativo.com.mx\/index.php?rest_route=\/wp\/v2\/types\/post"}],"author":[{"embeddable":true,"href":"https:\/\/encuentroinformativo.com.mx\/index.php?rest_route=\/wp\/v2\/users\/2476"}],"replies":[{"embeddable":true,"href":"https:\/\/encuentroinformativo.com.mx\/index.php?rest_route=%2Fwp%2Fv2%2Fcomments&post=56616"}],"version-history":[{"count":1,"href":"https:\/\/encuentroinformativo.com.mx\/index.php?rest_route=\/wp\/v2\/posts\/56616\/revisions"}],"predecessor-version":[{"id":56618,"href":"https:\/\/encuentroinformativo.com.mx\/index.php?rest_route=\/wp\/v2\/posts\/56616\/revisions\/56618"}],"wp:featuredmedia":[{"embeddable":true,"href":"https:\/\/encuentroinformativo.com.mx\/index.php?rest_route=\/wp\/v2\/media\/56617"}],"wp:attachment":[{"href":"https:\/\/encuentroinformativo.com.mx\/index.php?rest_route=%2Fwp%2Fv2%2Fmedia&parent=56616"}],"wp:term":[{"taxonomy":"category","embeddable":true,"href":"https:\/\/encuentroinformativo.com.mx\/index.php?rest_route=%2Fwp%2Fv2%2Fcategories&post=56616"},{"taxonomy":"post_tag","embeddable":true,"href":"https:\/\/encuentroinformativo.com.mx\/index.php?rest_route=%2Fwp%2Fv2%2Ftags&post=56616"}],"curies":[{"name":"wp","href":"https:\/\/api.w.org\/{rel}","templated":true}]}}