{"id":5662,"date":"2020-09-09T08:50:18","date_gmt":"2020-09-09T13:50:18","guid":{"rendered":"https:\/\/encuentroinformativo.com.mx\/?p=5662"},"modified":"2020-09-09T08:50:21","modified_gmt":"2020-09-09T13:50:21","slug":"familiares-con-olor-a-candidato","status":"publish","type":"post","link":"https:\/\/encuentroinformativo.com.mx\/?p=5662","title":{"rendered":"Familiares con olor a candidato"},"content":{"rendered":"\n<p><strong>Los Pol\u00edticos<\/strong><\/p>\n\n\n\n<p><strong>Salvador Mu\u00f1oz<\/strong><br><\/p>\n\n\n\n<p>Ese deseo oscuro de prolongar su estancia en el poder en nuestros pol\u00edticos al frente del espacio p\u00fablico a trav\u00e9s de sus parientes, no hay que confundirlo con el que (ab)usando tal, coloca en diversos puestos a los hijos o hijas, hermanos, sobrinos, al cu\u00f1ado o cualquier otro familiar\u2026 por eso ac\u00e1 no nos referiremos a estos \u00faltimos, sino a unos en especial: los presidentes municipales.<\/p>\n\n\n\n<p>En la anterior entrega, citamos a dos pol\u00edticos que de un modo u otro, ocupan nuestros escenarios por el peso que guardan ellos, tanto por el ejercicio que desarrollan desde sus distintos \u00e1mbitos (senadur\u00eda y alcald\u00eda porte\u00f1a) hasta por su apellido (Yunes y Rementer\u00eda), aunque el sujeto de nuestros predicados fue el alcalde de Coatepec, Luis Enrique Fern\u00e1ndez Peredo, quien tiene la mira puesta en una curul local\u2026 y dejar a su hermano Luis de Jes\u00fas en la planilla del PAN, como Regidor \u201cOne\u201d&#8230;<\/p>\n\n\n\n<p>Si se dan cuenta, en este anterior p\u00e1rrafo, tocamos un elemento importante: Las siglas de Acci\u00f3n Nacional.<\/p>\n\n\n\n<p>Yunes, Rementer\u00eda y Fern\u00e1ndez Peredo son panistas&#8230; una coincidencia que podr\u00eda llevar al pensamiento simple de que s\u00f3lo los azules son envueltos por ese halo oscuro de prolongar su estancia en el poder\u2026 \u00a1pero no! Al encanto del poder no escapa el resto de los partidos y ayer nos enfoc\u00e1bamos al distrito de Coatepec\u2026<\/p>\n\n\n\n<p>Si hacemos un breve comentario de cada uno de los municipios que lo conforman podemos descubrir que no s\u00f3lo la pretensi\u00f3n de prolongar el poder se da en casi en todos los partidos (se excluye en este caso a Morena, no porque no mienta, no robe, no traicione, sino porque en este distrito, no cuenta con presidencia municipal en sus manos), igual ocurre en hombre o mujer y enfocado a cualquier pariente, eso s\u00ed, con la idea de que lleguen a ocupar el cargo que el pr\u00f3ximo a\u00f1o, 31 de diciembre, \u201chan de dejar\u201d&#8230;<\/p>\n\n\n\n<p>Empezamos por Xico, que lo encabeza Gloria Galv\u00e1n Ordu\u00f1a, quien llega a la presidencia municipal bajo las siglas del PRI. Para nadie es un secreto que \u201cDo\u00f1a Moles\u201d (por su relaci\u00f3n con el famoso \u201cMole Xique\u00f1o\u201d, que dicho sea de paso, en un restaurante de Puebla, ocupaban para preparar un cl\u00e1sico platillo con esta pasta) impulsa desde la alcald\u00eda a su hija, Carolina Galv\u00e1n, al frente del DIF municipal en estos momentos, para alcanzar la candidatura por la presidencia municipal. Cabe comentar que Carolina ya fue diputada local cuando Juanelo dej\u00f3 la curul para buscar ser alcalde por Coatepec. El paso de la hija de do\u00f1a Gloria fue por la pol\u00e9mica que gener\u00f3 cuando pretendi\u00f3 con una iniciativa, proteger eventos taurinos y establecerlos como patrimonio cultural inmaterial de Veracruz, refiri\u00e9ndose a Xico, con motivo de la celebraci\u00f3n de las fiestas patronales de La Magdalena, conocidos como Xique\u00f1ada, as\u00ed como los de Tlacotalpan, con motivo de la celebraci\u00f3n de las fiestas de La Candelaria. \u00a1Se gan\u00f3 la rechifla del respetable!<\/p>\n\n\n\n<p>Seguimos con Cosautl\u00e1n, en manos del PAN y de la esposa de Everardo Soto Matla, Alicia Valdivia Vargas, quien enfila a su primo-hermano Antonio Valdivia Huerta para alcanzar la candidatura por la alcald\u00eda o si se descuidan, hasta su hermana Mariel Midori Valdivia Vargas, que est\u00e1 en el DIF municipal.<\/p>\n\n\n\n<p>En Teocelo, donde est\u00e1 convaleciente por Covid-19 Mario Chama, que lleg\u00f3 por la v\u00eda del PES, enfila a su hija Mara Chama Villa, quien est\u00e1 a cargo del DIF local. El asunto aqu\u00ed es saber por cu\u00e1l partido, porque Morena parece que ya tiene gallo y en el PES, al menos en lo que qued\u00f3 del estatal, no qued\u00f3 bien\u2026 al menos que encuentre lugar en el Nuevo PES.<\/p>\n\n\n\n<p>En Rafael Lucio, de la alianza PAN-PRD, Jos\u00e9 Allan Libreros Alba, se cuenta que Leonel Libreros Mendoza quiere repetir en el cargo\u2026 Leonel es padre del alcalde y antecesor en el cargo\u2026 s\u00ed, quiere volver a repetir.<\/p>\n\n\n\n<p>En San Andr\u00e9s Tlalnelhuayocan, municipio gobernado por el PRI en manos de David Angeles Aguirre, ven a la madre de \u00e9ste, Rosario Aguirre, como la propuesta para la candidatura\u2026<\/p>\n\n\n\n<p>En Ayuahualulco, municipio gobernado por el PRI y Filiberto Morales Rosas, todo indica que le toca turno a Rogelio, s\u00ed, hermano del alcalde.<\/p>\n\n\n\n<p>En Banderilla, municipio panista de Juan Manuel Rivera, s\u00ed, se habla de la presidenta del DIF, Edna Catalina Godoy\u2026<\/p>\n\n\n\n<p>Ya no tocamos Coatepec, porque fue tema de la anterior columna, y tampoco Acajete, porque este municipio verde (del PVEM, pues) gobernado por Joel Molina Rojas, es el \u00fanico que no pretende dejar a su esposa en la sucesi\u00f3n\u2026 nada m\u00e1s quiere dejarla\u2026 En Ixhuac\u00e1n de los Reyes, del PRI, gobernado por Jos\u00e9 Luis Vargas Gonz\u00e1lez, al parecer, no hay intenciones familiares.<\/p>\n\n\n\n<p>As\u00ed las cosas, teniendo de muestra un distrito, es claro que nadie escapa al encanto oscuro de pretender prolongar su estad\u00eda en el poder, a trav\u00e9s de sus parientes.<br><\/p>\n\n\n\n<p><a href=\"mailto:smcainito@gmail.com\" target=\"_blank\" rel=\"noreferrer noopener\">smcainito@gmail.com<\/a><\/p>\n","protected":false},"excerpt":{"rendered":"<p>Los Pol\u00edticos Salvador Mu\u00f1oz Ese deseo oscuro de prolongar su estancia en el poder en nuestros pol\u00edticos al frente del espacio p\u00fablico a trav\u00e9s de sus parientes, no hay que confundirlo con el que (ab)usando tal, coloca en diversos puestos a los hijos o hijas, hermanos, sobrinos, al cu\u00f1ado o cualquier otro familiar\u2026 por eso [&hellip;]<\/p>\n","protected":false},"author":1,"featured_media":387,"comment_status":"open","ping_status":"open","sticky":false,"template":"","format":"standard","meta":{"_jetpack_memberships_contains_paid_content":false,"footnotes":""},"categories":[11],"tags":[],"class_list":["post-5662","post","type-post","status-publish","format-standard","has-post-thumbnail","hentry","category-opinion"],"jetpack_featured_media_url":"https:\/\/encuentroinformativo.com.mx\/wp-content\/uploads\/2020\/03\/7CF8A22B-2764-47BE-8F7F-38FE9E5D6A2F.jpeg","jetpack_sharing_enabled":true,"jetpack_likes_enabled":true,"amp_enabled":true,"_links":{"self":[{"href":"https:\/\/encuentroinformativo.com.mx\/index.php?rest_route=\/wp\/v2\/posts\/5662","targetHints":{"allow":["GET"]}}],"collection":[{"href":"https:\/\/encuentroinformativo.com.mx\/index.php?rest_route=\/wp\/v2\/posts"}],"about":[{"href":"https:\/\/encuentroinformativo.com.mx\/index.php?rest_route=\/wp\/v2\/types\/post"}],"author":[{"embeddable":true,"href":"https:\/\/encuentroinformativo.com.mx\/index.php?rest_route=\/wp\/v2\/users\/1"}],"replies":[{"embeddable":true,"href":"https:\/\/encuentroinformativo.com.mx\/index.php?rest_route=%2Fwp%2Fv2%2Fcomments&post=5662"}],"version-history":[{"count":1,"href":"https:\/\/encuentroinformativo.com.mx\/index.php?rest_route=\/wp\/v2\/posts\/5662\/revisions"}],"predecessor-version":[{"id":5663,"href":"https:\/\/encuentroinformativo.com.mx\/index.php?rest_route=\/wp\/v2\/posts\/5662\/revisions\/5663"}],"wp:featuredmedia":[{"embeddable":true,"href":"https:\/\/encuentroinformativo.com.mx\/index.php?rest_route=\/wp\/v2\/media\/387"}],"wp:attachment":[{"href":"https:\/\/encuentroinformativo.com.mx\/index.php?rest_route=%2Fwp%2Fv2%2Fmedia&parent=5662"}],"wp:term":[{"taxonomy":"category","embeddable":true,"href":"https:\/\/encuentroinformativo.com.mx\/index.php?rest_route=%2Fwp%2Fv2%2Fcategories&post=5662"},{"taxonomy":"post_tag","embeddable":true,"href":"https:\/\/encuentroinformativo.com.mx\/index.php?rest_route=%2Fwp%2Fv2%2Ftags&post=5662"}],"curies":[{"name":"wp","href":"https:\/\/api.w.org\/{rel}","templated":true}]}}