{"id":56637,"date":"2024-07-15T13:28:48","date_gmt":"2024-07-15T19:28:48","guid":{"rendered":"https:\/\/encuentroinformativo.com.mx\/?p=56637"},"modified":"2024-07-15T13:28:55","modified_gmt":"2024-07-15T19:28:55","slug":"lagarto-deambula-por-calles-de-poza-rica-y-causa-panico","status":"publish","type":"post","link":"https:\/\/encuentroinformativo.com.mx\/?p=56637","title":{"rendered":"Lagarto deambula por calles de Poza Rica y causa p\u00e1nico"},"content":{"rendered":"\n<p><strong>Alejandro \u00c1vila<\/strong><\/p>\n\n\n\n<p>Poza Rica, Ver.- La noche de este domingo vecinos de la colonia Salvador Allende en el municipio de Poza Rica informaron sobre el avistamiento de un lagarto deambulando por las calles, situaci\u00f3n que gener\u00f3 p\u00e1nico entre los ciudadanos.<\/p>\n\n\n\n<p>Ante el reporte a las autoridades municipales, elementos de Protecci\u00f3n Civil iniciaron un operativo para dar con el reptil, sin que hasta el momento haya sido capturado.<\/p>\n\n\n\n<p>En redes sociales se mostraron fotograf\u00edas de lagarto caminando sobre la carretera que comunica a los municipios de Poza Rica y Coatzintla.<\/p>\n\n\n\n<p>De acuerdo con autoridades de Protecci\u00f3n Civil, durante la temporada de lluvias aumentan los avistamientos de esta clase de reptiles en zonas urbanas, ya que al aumentar el nivel de los arroyos, estos salen de su h\u00e1bitat natural.<\/p>\n\n\n\n<p>En ese sentido, dijeron que se atienden reportes por la presencia de lagartos, serpientes y cocodrilos, espec\u00edmenes que son trasladados a un lugar seguro o se da parte a la Procuradur\u00eda Federal de Protecci\u00f3n al Ambiente (PROFEPA), para que sea asegurado y trasladado a un sitio donde pueda habitar.<\/p>\n\n\n\n<p>Recomendaron a los ciudadanos no interactuar con esta clase de fauna y realizar los reportes al 911 o al n\u00famero 7828263403, para que personal especializado realice el aseguramiento pertinente del reptil.<\/p>\n","protected":false},"excerpt":{"rendered":"<p>Alejandro \u00c1vila Poza Rica, Ver.- La noche de este domingo vecinos de la colonia Salvador Allende en el municipio de Poza Rica informaron sobre el avistamiento de un lagarto deambulando por las calles, situaci\u00f3n que gener\u00f3 p\u00e1nico entre los ciudadanos. Ante el reporte a las autoridades municipales, elementos de Protecci\u00f3n Civil iniciaron un operativo para [&hellip;]<\/p>\n","protected":false},"author":2476,"featured_media":56638,"comment_status":"open","ping_status":"open","sticky":false,"template":"","format":"standard","meta":{"_jetpack_memberships_contains_paid_content":false,"footnotes":""},"categories":[2],"tags":[],"class_list":["post-56637","post","type-post","status-publish","format-standard","has-post-thumbnail","hentry","category-estado"],"jetpack_featured_media_url":"https:\/\/encuentroinformativo.com.mx\/wp-content\/uploads\/2024\/07\/IMG-20240715-WA0059.jpg","jetpack_sharing_enabled":true,"jetpack_likes_enabled":true,"amp_enabled":true,"_links":{"self":[{"href":"https:\/\/encuentroinformativo.com.mx\/index.php?rest_route=\/wp\/v2\/posts\/56637","targetHints":{"allow":["GET"]}}],"collection":[{"href":"https:\/\/encuentroinformativo.com.mx\/index.php?rest_route=\/wp\/v2\/posts"}],"about":[{"href":"https:\/\/encuentroinformativo.com.mx\/index.php?rest_route=\/wp\/v2\/types\/post"}],"author":[{"embeddable":true,"href":"https:\/\/encuentroinformativo.com.mx\/index.php?rest_route=\/wp\/v2\/users\/2476"}],"replies":[{"embeddable":true,"href":"https:\/\/encuentroinformativo.com.mx\/index.php?rest_route=%2Fwp%2Fv2%2Fcomments&post=56637"}],"version-history":[{"count":1,"href":"https:\/\/encuentroinformativo.com.mx\/index.php?rest_route=\/wp\/v2\/posts\/56637\/revisions"}],"predecessor-version":[{"id":56639,"href":"https:\/\/encuentroinformativo.com.mx\/index.php?rest_route=\/wp\/v2\/posts\/56637\/revisions\/56639"}],"wp:featuredmedia":[{"embeddable":true,"href":"https:\/\/encuentroinformativo.com.mx\/index.php?rest_route=\/wp\/v2\/media\/56638"}],"wp:attachment":[{"href":"https:\/\/encuentroinformativo.com.mx\/index.php?rest_route=%2Fwp%2Fv2%2Fmedia&parent=56637"}],"wp:term":[{"taxonomy":"category","embeddable":true,"href":"https:\/\/encuentroinformativo.com.mx\/index.php?rest_route=%2Fwp%2Fv2%2Fcategories&post=56637"},{"taxonomy":"post_tag","embeddable":true,"href":"https:\/\/encuentroinformativo.com.mx\/index.php?rest_route=%2Fwp%2Fv2%2Ftags&post=56637"}],"curies":[{"name":"wp","href":"https:\/\/api.w.org\/{rel}","templated":true}]}}