{"id":56640,"date":"2024-07-15T13:33:34","date_gmt":"2024-07-15T19:33:34","guid":{"rendered":"https:\/\/encuentroinformativo.com.mx\/?p=56640"},"modified":"2024-07-15T13:33:40","modified_gmt":"2024-07-15T19:33:40","slug":"protestan-en-subdireccion-de-escuelas-secundarias-acusan-homofobia-contra-profesor","status":"publish","type":"post","link":"https:\/\/encuentroinformativo.com.mx\/?p=56640","title":{"rendered":"Protestan en Subdirecci\u00f3n de Escuelas Secundarias, acusan homofobia contra profesor"},"content":{"rendered":"\n<p><strong>Juan Arcos <\/strong><\/p>\n\n\n\n<p>Xalapa, Ver.- Integrantes del Sindicato Magisterial Veracruzano (SMV) y de la asociaci\u00f3n civil Casa de las Mu\u00f1ecas Tiresias (CAMTAC) en Veracruz tomaron la Subdirecci\u00f3n de Escuelas Secundarias Estatales, en la ciudad de Xalapa, donde denunciaron un caso de discriminaci\u00f3n y homofobia contra uno de sus agremiados.<\/p>\n\n\n\n<p>Los quejosos impidieron el acceso al personal de estas oficinas, que dependen de la Secretar\u00eda de Educaci\u00f3n de Veracruz (SEV), ubicadas sobre la avenida Orizaba, donde colocaron banderas con los colores del arco\u00edris, que representan a la comunidad diversa.<\/p>\n\n\n\n<p>De acuerdo con el secretario general del Sindicato Magisterial Veracruzano, Ram\u00f3n Dom\u00ednguez Polo, el docente Bernab\u00e9 Rodr\u00edguez P\u00e9rez ha sido v\u00edctima de homofobia y discriminaci\u00f3n por parte de sus superiores en la telesecundaria de la comunidad San Jos\u00e9 Tenejapa, municipio de Tepatlaxco.<\/p>\n\n\n\n<p>El l\u00edder sindical indic\u00f3 que la directora del plantel, Sandra Moreno Le\u00f3n, quien lleva tres meses en el cargo, inici\u00f3 el hostigamiento contra el sindicalizado, levant\u00e1ndole un acta por su orientaci\u00f3n sexual y, seg\u00fan ella, tras haber tocado las partes \u00edntimas de los alumnos.<\/p>\n\n\n\n<p>Lo anterior, a pesar de que el profesor ha laborado desde hace 14 a\u00f1os en ese plantel, sin ning\u00fan se\u00f1alamiento en su contra por parte de acad\u00e9micos, estudiantes ni padres de familia.<\/p>\n\n\n\n<p>\u201cEntonces se hace un levantamiento de acta, le env\u00eda a la supervisora y la supervisora inmediatamente le manda aqu\u00ed a notificar a su directora de Escuelas Secundarias Estatales para que se levante todo el acta, firmen los padres y venga el cese. No da al compa\u00f1ero el margen de defenderse\u201d, expres\u00f3 Dom\u00ednguez Polo.<\/p>\n\n\n\n<p>El Secretario General del SMV detall\u00f3 que, en apoyo al docente Bernab\u00e9, los padres de familia tomaron la telesecundaria en la comunidad San Jos\u00e9 Tenejapa. Mientras que la delegaci\u00f3n de esta organizaci\u00f3n sindical en C\u00f3rdoba protest\u00f3 en la supervisi\u00f3n escolar.<\/p>\n\n\n\n<p>\u201cEntonces la directora, vemos que tiene caracter\u00edsticas homof\u00f3bicas, igual que la supervisora, y de discriminaci\u00f3n a nuestro compa\u00f1ero por la orientaci\u00f3n sexual. Para esto se entera, como pertenece a un grupo l\u00e9sbico gay, que se llama La Casa de las Mu\u00f1ecas. Ellos tambi\u00e9n piden y solicitan el apoyo de la Comisi\u00f3n Estatal de Derechos Humanos, incluso por ah\u00ed est\u00e1 la persona, el observador, para el acompa\u00f1amiento, para ver que el proceso se lleve adecuado, no ama\u00f1ado\u201d, a\u00f1adi\u00f3.<\/p>\n\n\n\n<p>Por tal motivo, los manifestantes exigieron la destituci\u00f3n inmediata de la titular de la Subdirecci\u00f3n de Escuelas Secundarias Estatales, Irene Sedas Gonz\u00e1lez, as\u00ed como tambi\u00e9n de la directora de la telesecundaria Sandra Moreno Le\u00f3n, y de la supervisora escolar Aida Luc\u00eda Mosquera y Aguilar, a quienes se\u00f1alan de \u201cmanipular\u201d la situaci\u00f3n para dejar el espacio del profesor a otro sindicato.<\/p>\n","protected":false},"excerpt":{"rendered":"<p>Juan Arcos Xalapa, Ver.- Integrantes del Sindicato Magisterial Veracruzano (SMV) y de la asociaci\u00f3n civil Casa de las Mu\u00f1ecas Tiresias (CAMTAC) en Veracruz tomaron la Subdirecci\u00f3n de Escuelas Secundarias Estatales, en la ciudad de Xalapa, donde denunciaron un caso de discriminaci\u00f3n y homofobia contra uno de sus agremiados. Los quejosos impidieron el acceso al personal [&hellip;]<\/p>\n","protected":false},"author":2476,"featured_media":56641,"comment_status":"open","ping_status":"open","sticky":false,"template":"","format":"standard","meta":{"_jetpack_memberships_contains_paid_content":false,"footnotes":""},"categories":[3],"tags":[],"class_list":["post-56640","post","type-post","status-publish","format-standard","has-post-thumbnail","hentry","category-xalapa"],"jetpack_featured_media_url":"https:\/\/encuentroinformativo.com.mx\/wp-content\/uploads\/2024\/07\/IMG_1334.jpg","jetpack_sharing_enabled":true,"jetpack_likes_enabled":true,"amp_enabled":true,"_links":{"self":[{"href":"https:\/\/encuentroinformativo.com.mx\/index.php?rest_route=\/wp\/v2\/posts\/56640","targetHints":{"allow":["GET"]}}],"collection":[{"href":"https:\/\/encuentroinformativo.com.mx\/index.php?rest_route=\/wp\/v2\/posts"}],"about":[{"href":"https:\/\/encuentroinformativo.com.mx\/index.php?rest_route=\/wp\/v2\/types\/post"}],"author":[{"embeddable":true,"href":"https:\/\/encuentroinformativo.com.mx\/index.php?rest_route=\/wp\/v2\/users\/2476"}],"replies":[{"embeddable":true,"href":"https:\/\/encuentroinformativo.com.mx\/index.php?rest_route=%2Fwp%2Fv2%2Fcomments&post=56640"}],"version-history":[{"count":1,"href":"https:\/\/encuentroinformativo.com.mx\/index.php?rest_route=\/wp\/v2\/posts\/56640\/revisions"}],"predecessor-version":[{"id":56642,"href":"https:\/\/encuentroinformativo.com.mx\/index.php?rest_route=\/wp\/v2\/posts\/56640\/revisions\/56642"}],"wp:featuredmedia":[{"embeddable":true,"href":"https:\/\/encuentroinformativo.com.mx\/index.php?rest_route=\/wp\/v2\/media\/56641"}],"wp:attachment":[{"href":"https:\/\/encuentroinformativo.com.mx\/index.php?rest_route=%2Fwp%2Fv2%2Fmedia&parent=56640"}],"wp:term":[{"taxonomy":"category","embeddable":true,"href":"https:\/\/encuentroinformativo.com.mx\/index.php?rest_route=%2Fwp%2Fv2%2Fcategories&post=56640"},{"taxonomy":"post_tag","embeddable":true,"href":"https:\/\/encuentroinformativo.com.mx\/index.php?rest_route=%2Fwp%2Fv2%2Ftags&post=56640"}],"curies":[{"name":"wp","href":"https:\/\/api.w.org\/{rel}","templated":true}]}}