{"id":56643,"date":"2024-07-15T13:42:49","date_gmt":"2024-07-15T19:42:49","guid":{"rendered":"https:\/\/encuentroinformativo.com.mx\/?p=56643"},"modified":"2024-07-15T13:42:54","modified_gmt":"2024-07-15T19:42:54","slug":"investiga-fge-muerte-de-7-jovenes-en-coatzacoalcos","status":"publish","type":"post","link":"https:\/\/encuentroinformativo.com.mx\/?p=56643","title":{"rendered":"Investiga FGE muerte de 7 j\u00f3venes en Coatzacoalcos"},"content":{"rendered":"\n<p><strong>Dar\u00edo Pale<\/strong><\/p>\n\n\n\n<p>Xalapa, Ver.- Se abri\u00f3 una carpeta de investigaci\u00f3n en el caso de Coatzacoalcos donde perdieron la vida siete j\u00f3venes al interior de una camioneta blindada, as\u00ed lo dio a conocer la titular de la Fiscal\u00eda General del Estado (FGE), Ver\u00f3nica Hern\u00e1ndez Giad\u00e1ns.<\/p>\n\n\n\n<p>En entrevista, se\u00f1al\u00f3 que hasta el momento todo indica que se trat\u00f3 de un accidente, sin embargo asegur\u00f3 que se llevan a cabo las diligencias por parte de peritos para poder proporcionar una informaci\u00f3n final.<\/p>\n\n\n\n<p>\u201cHasta este momento todo indica que s\u00ed, pero vamos a concretar algunas diligencias por parte de los peritos para poder dar una informaci\u00f3n final. Estamos concluyendo todo, hasta ahorita fue un hecho lamentable que implica la prudencia y secrec\u00eda para emitir cualquier opini\u00f3n\u00a0 hasta no concretar\u201d, se\u00f1al\u00f3.<\/p>\n\n\n\n<p>Asimismo, confirm\u00f3 que se trat\u00f3 de siete personas las que estaban al interior del veh\u00edculo y quienes desafortunadamente perdieron la vida y agreg\u00f3 que todos ellos viv\u00edan en Coatzacoalcos.<\/p>\n\n\n\n<p>Por \u00faltimo dijo que la camioneta fue puesta a disposici\u00f3n de las \u00e1reas correspondientes, \u201chicimos lo que nos corresponde, las diligencias y continuamos con las diligencias para concretar y definir lo que pas\u00f3\u201d.<\/p>\n","protected":false},"excerpt":{"rendered":"<p>Dar\u00edo Pale Xalapa, Ver.- Se abri\u00f3 una carpeta de investigaci\u00f3n en el caso de Coatzacoalcos donde perdieron la vida siete j\u00f3venes al interior de una camioneta blindada, as\u00ed lo dio a conocer la titular de la Fiscal\u00eda General del Estado (FGE), Ver\u00f3nica Hern\u00e1ndez Giad\u00e1ns. En entrevista, se\u00f1al\u00f3 que hasta el momento todo indica que se [&hellip;]<\/p>\n","protected":false},"author":2476,"featured_media":45561,"comment_status":"open","ping_status":"open","sticky":false,"template":"","format":"standard","meta":{"_jetpack_memberships_contains_paid_content":false,"footnotes":""},"categories":[2],"tags":[],"class_list":["post-56643","post","type-post","status-publish","format-standard","has-post-thumbnail","hentry","category-estado"],"jetpack_featured_media_url":"https:\/\/encuentroinformativo.com.mx\/wp-content\/uploads\/2023\/09\/IMG-20230922-WA0024.jpg","jetpack_sharing_enabled":true,"jetpack_likes_enabled":true,"amp_enabled":true,"_links":{"self":[{"href":"https:\/\/encuentroinformativo.com.mx\/index.php?rest_route=\/wp\/v2\/posts\/56643","targetHints":{"allow":["GET"]}}],"collection":[{"href":"https:\/\/encuentroinformativo.com.mx\/index.php?rest_route=\/wp\/v2\/posts"}],"about":[{"href":"https:\/\/encuentroinformativo.com.mx\/index.php?rest_route=\/wp\/v2\/types\/post"}],"author":[{"embeddable":true,"href":"https:\/\/encuentroinformativo.com.mx\/index.php?rest_route=\/wp\/v2\/users\/2476"}],"replies":[{"embeddable":true,"href":"https:\/\/encuentroinformativo.com.mx\/index.php?rest_route=%2Fwp%2Fv2%2Fcomments&post=56643"}],"version-history":[{"count":1,"href":"https:\/\/encuentroinformativo.com.mx\/index.php?rest_route=\/wp\/v2\/posts\/56643\/revisions"}],"predecessor-version":[{"id":56644,"href":"https:\/\/encuentroinformativo.com.mx\/index.php?rest_route=\/wp\/v2\/posts\/56643\/revisions\/56644"}],"wp:featuredmedia":[{"embeddable":true,"href":"https:\/\/encuentroinformativo.com.mx\/index.php?rest_route=\/wp\/v2\/media\/45561"}],"wp:attachment":[{"href":"https:\/\/encuentroinformativo.com.mx\/index.php?rest_route=%2Fwp%2Fv2%2Fmedia&parent=56643"}],"wp:term":[{"taxonomy":"category","embeddable":true,"href":"https:\/\/encuentroinformativo.com.mx\/index.php?rest_route=%2Fwp%2Fv2%2Fcategories&post=56643"},{"taxonomy":"post_tag","embeddable":true,"href":"https:\/\/encuentroinformativo.com.mx\/index.php?rest_route=%2Fwp%2Fv2%2Ftags&post=56643"}],"curies":[{"name":"wp","href":"https:\/\/api.w.org\/{rel}","templated":true}]}}