{"id":56648,"date":"2024-07-15T14:10:49","date_gmt":"2024-07-15T20:10:49","guid":{"rendered":"https:\/\/encuentroinformativo.com.mx\/?p=56648"},"modified":"2024-07-15T14:10:54","modified_gmt":"2024-07-15T20:10:54","slug":"van-5-elementos-detenidos-por-caso-totalco-ssp","status":"publish","type":"post","link":"https:\/\/encuentroinformativo.com.mx\/?p=56648","title":{"rendered":"Van 5 elementos detenidos por caso Totalco: SSP"},"content":{"rendered":"\n<p><strong>Dar\u00edo Pale <\/strong><\/p>\n\n\n\n<p>Xalapa, Ver.- Ya son cinco los elementos de la Fuerza Civil que fueron detenidos por los hechos ocurridos en Totalco, municipio de Perote, as\u00ed lo dio a conocer el secretario de Seguridad P\u00fablica del Estado, Cuauht\u00e9moc Z\u00fa\u00f1iga Bonilla.<\/p>\n\n\n\n<p>En entrevista luego del banderazo de inicio del operativo vacacional de verano, puntualiz\u00f3 que la Fiscal\u00eda General de la Rep\u00fablica ejecut\u00f3 dos \u00f3rdenes de aprehensi\u00f3n, mientras que la Fiscal\u00eda General del Estado ejecut\u00f3 tres \u00f3rdenes de aprehensi\u00f3n.\u00a0<\/p>\n\n\n\n<p>Cuestionado si \u00e9l habr\u00eda dado la orden para llevar a cabo el desalojo de las personas que estaban bloqueando la carretera por una protesta contra Granjas Carroll, \u00a0respondi\u00f3 que la Fiscal\u00eda General del Estado deber\u00e1 decir eso.\u00a0<\/p>\n\n\n\n<p>En torno a la desaparici\u00f3n del cuerpo policial de la Fuerza Civil que dio a conocer el propio Gobernador, dijo que van a capacitar al personal.\u00a0<\/p>\n\n\n\n<p>As\u00ed mismo, dijo que los reubicar\u00e1n, pero revel\u00f3 que \u00fanicamente van a cambiar los logotipos de las camionetas.\u00a0<\/p>\n\n\n\n<p>Admiti\u00f3 que este proceso no se puede hacer de la noche a la ma\u00f1ana, pero insisti\u00f3 en que los elementos quedar\u00e1n salvaguardados sus derechos.\u00a0<\/p>\n\n\n\n<p>Finalmente en el caso de los ex\u00e1menes de control y confianza, Z\u00fa\u00f1iga Bonilla dijo que esos se realizan de manera permanente y que los tiempos de cada uno depende, o la vigencia que es cada 3 a\u00f1os, lo que les permite irlos evaluando paulatinamente.<\/p>\n","protected":false},"excerpt":{"rendered":"<p>Dar\u00edo Pale Xalapa, Ver.- Ya son cinco los elementos de la Fuerza Civil que fueron detenidos por los hechos ocurridos en Totalco, municipio de Perote, as\u00ed lo dio a conocer el secretario de Seguridad P\u00fablica del Estado, Cuauht\u00e9moc Z\u00fa\u00f1iga Bonilla. En entrevista luego del banderazo de inicio del operativo vacacional de verano, puntualiz\u00f3 que la [&hellip;]<\/p>\n","protected":false},"author":2476,"featured_media":56649,"comment_status":"open","ping_status":"open","sticky":false,"template":"","format":"standard","meta":{"_jetpack_memberships_contains_paid_content":false,"footnotes":""},"categories":[2],"tags":[],"class_list":["post-56648","post","type-post","status-publish","format-standard","has-post-thumbnail","hentry","category-estado"],"jetpack_featured_media_url":"https:\/\/encuentroinformativo.com.mx\/wp-content\/uploads\/2024\/07\/IMG-20240715-WA00642.jpg","jetpack_sharing_enabled":true,"jetpack_likes_enabled":true,"amp_enabled":true,"_links":{"self":[{"href":"https:\/\/encuentroinformativo.com.mx\/index.php?rest_route=\/wp\/v2\/posts\/56648","targetHints":{"allow":["GET"]}}],"collection":[{"href":"https:\/\/encuentroinformativo.com.mx\/index.php?rest_route=\/wp\/v2\/posts"}],"about":[{"href":"https:\/\/encuentroinformativo.com.mx\/index.php?rest_route=\/wp\/v2\/types\/post"}],"author":[{"embeddable":true,"href":"https:\/\/encuentroinformativo.com.mx\/index.php?rest_route=\/wp\/v2\/users\/2476"}],"replies":[{"embeddable":true,"href":"https:\/\/encuentroinformativo.com.mx\/index.php?rest_route=%2Fwp%2Fv2%2Fcomments&post=56648"}],"version-history":[{"count":1,"href":"https:\/\/encuentroinformativo.com.mx\/index.php?rest_route=\/wp\/v2\/posts\/56648\/revisions"}],"predecessor-version":[{"id":56650,"href":"https:\/\/encuentroinformativo.com.mx\/index.php?rest_route=\/wp\/v2\/posts\/56648\/revisions\/56650"}],"wp:featuredmedia":[{"embeddable":true,"href":"https:\/\/encuentroinformativo.com.mx\/index.php?rest_route=\/wp\/v2\/media\/56649"}],"wp:attachment":[{"href":"https:\/\/encuentroinformativo.com.mx\/index.php?rest_route=%2Fwp%2Fv2%2Fmedia&parent=56648"}],"wp:term":[{"taxonomy":"category","embeddable":true,"href":"https:\/\/encuentroinformativo.com.mx\/index.php?rest_route=%2Fwp%2Fv2%2Fcategories&post=56648"},{"taxonomy":"post_tag","embeddable":true,"href":"https:\/\/encuentroinformativo.com.mx\/index.php?rest_route=%2Fwp%2Fv2%2Ftags&post=56648"}],"curies":[{"name":"wp","href":"https:\/\/api.w.org\/{rel}","templated":true}]}}