{"id":56654,"date":"2024-07-15T17:18:15","date_gmt":"2024-07-15T23:18:15","guid":{"rendered":"https:\/\/encuentroinformativo.com.mx\/?p=56654"},"modified":"2024-07-15T17:18:21","modified_gmt":"2024-07-15T23:18:21","slug":"refuerza-alcalde-jm-unanue-a-sus-corporaciones-de-seguridad-con-vehiculos-motorizados","status":"publish","type":"post","link":"https:\/\/encuentroinformativo.com.mx\/?p=56654","title":{"rendered":"Refuerza Alcalde JM Un\u00e1nue a sus corporaciones de seguridad con veh\u00edculos motorizados"},"content":{"rendered":"\n<p>Boca del R\u00edo, Ver.- La administraci\u00f3n del Ayuntamiento de Boca del R\u00edo que encabeza el alcalde, Juan Manuel Un\u00e1nue Abascal, se ha distinguido por mantener equipadas a sus corporaciones de seguridad, pues con ello, se mejora el desempe\u00f1o diario en beneficio de sus ciudadanos.<\/p>\n\n\n\n<p>\u201cEsta ma\u00f1ana (de lunes) entregamos ocho veh\u00edculos motorizados para fortalecer la fuerza de tarea de las corporaciones encargadas de la seguridad en nuestra ciudad\u201d, enfatiz\u00f3 el edil boque\u00f1o.<\/p>\n\n\n\n<p>Las nuevas motocicletas permitir\u00e1n una atenci\u00f3n m\u00e1s r\u00e1pida y eficiente a los llamados de auxilio. Podr\u00e1n transitar a lugares de dif\u00edcil acceso con mayor facilidad y reducir\u00e1n el tiempo de respuesta, lo que contribuir\u00e1 significativamente a mejorar la seguridad de sus habitantes.<\/p>\n\n\n\n<p>Cabe recordar que desde inicios de la actual administraci\u00f3n municipal, se entregaron uniformes e implementos a los elementos de la corporaci\u00f3n, adem\u00e1s de la rehabilitaci\u00f3n de las instalaciones que les permitir\u00e1 realizar un mejor desempe\u00f1o laboral y social.<\/p>\n\n\n\n<p>En este mismo tenor, todas las unidades con las que cuenta la Polic\u00eda Municipal de Boca del R\u00edo han recibido mantenimiento continuo, as\u00ed como equipamiento nuevo.<\/p>\n\n\n\n<p>Adem\u00e1s, y como parte de la mejora de las condiciones laborales, en fechas pasadas, elementos de la Direcci\u00f3n de Tr\u00e1nsito de Boca del R\u00edo tambi\u00e9n recibieron uniformes nuevos.<\/p>\n\n\n\n<p>Es importante destacar que la adquisici\u00f3n de estas motocicletas forma parte de los preparativos preventivos y de seguridad para dar la bienvenida y atenci\u00f3n a miles de turistas que llegar\u00e1n en pr\u00f3ximas fechas como parte de las vacaciones de verano.<\/p>\n\n\n\n<p>Finalmente, el presidente municipal, Juan Manuel Un\u00e1nue Abascal, enfatiz\u00f3 que estas acciones generar\u00e1n las condiciones propicias de seguridad y una armoniosa convivencia entre los ciudadanos o para que cualquier visitante que guste de disfrutar una buena estancia en la ciudad de Boca del R\u00edo se sienta seguro y en paz.<\/p>\n","protected":false},"excerpt":{"rendered":"<p>Boca del R\u00edo, Ver.- La administraci\u00f3n del Ayuntamiento de Boca del R\u00edo que encabeza el alcalde, Juan Manuel Un\u00e1nue Abascal, se ha distinguido por mantener equipadas a sus corporaciones de seguridad, pues con ello, se mejora el desempe\u00f1o diario en beneficio de sus ciudadanos. \u201cEsta ma\u00f1ana (de lunes) entregamos ocho veh\u00edculos motorizados para fortalecer la [&hellip;]<\/p>\n","protected":false},"author":2476,"featured_media":56655,"comment_status":"open","ping_status":"open","sticky":false,"template":"","format":"standard","meta":{"_jetpack_memberships_contains_paid_content":false,"footnotes":""},"categories":[2],"tags":[],"class_list":["post-56654","post","type-post","status-publish","format-standard","has-post-thumbnail","hentry","category-estado"],"jetpack_featured_media_url":"https:\/\/encuentroinformativo.com.mx\/wp-content\/uploads\/2024\/07\/IMG-20240715-WA0140.jpg","jetpack_sharing_enabled":true,"jetpack_likes_enabled":true,"amp_enabled":true,"_links":{"self":[{"href":"https:\/\/encuentroinformativo.com.mx\/index.php?rest_route=\/wp\/v2\/posts\/56654","targetHints":{"allow":["GET"]}}],"collection":[{"href":"https:\/\/encuentroinformativo.com.mx\/index.php?rest_route=\/wp\/v2\/posts"}],"about":[{"href":"https:\/\/encuentroinformativo.com.mx\/index.php?rest_route=\/wp\/v2\/types\/post"}],"author":[{"embeddable":true,"href":"https:\/\/encuentroinformativo.com.mx\/index.php?rest_route=\/wp\/v2\/users\/2476"}],"replies":[{"embeddable":true,"href":"https:\/\/encuentroinformativo.com.mx\/index.php?rest_route=%2Fwp%2Fv2%2Fcomments&post=56654"}],"version-history":[{"count":1,"href":"https:\/\/encuentroinformativo.com.mx\/index.php?rest_route=\/wp\/v2\/posts\/56654\/revisions"}],"predecessor-version":[{"id":56656,"href":"https:\/\/encuentroinformativo.com.mx\/index.php?rest_route=\/wp\/v2\/posts\/56654\/revisions\/56656"}],"wp:featuredmedia":[{"embeddable":true,"href":"https:\/\/encuentroinformativo.com.mx\/index.php?rest_route=\/wp\/v2\/media\/56655"}],"wp:attachment":[{"href":"https:\/\/encuentroinformativo.com.mx\/index.php?rest_route=%2Fwp%2Fv2%2Fmedia&parent=56654"}],"wp:term":[{"taxonomy":"category","embeddable":true,"href":"https:\/\/encuentroinformativo.com.mx\/index.php?rest_route=%2Fwp%2Fv2%2Fcategories&post=56654"},{"taxonomy":"post_tag","embeddable":true,"href":"https:\/\/encuentroinformativo.com.mx\/index.php?rest_route=%2Fwp%2Fv2%2Ftags&post=56654"}],"curies":[{"name":"wp","href":"https:\/\/api.w.org\/{rel}","templated":true}]}}