{"id":56657,"date":"2024-07-15T19:06:44","date_gmt":"2024-07-16T01:06:44","guid":{"rendered":"https:\/\/encuentroinformativo.com.mx\/?p=56657"},"modified":"2024-07-15T19:06:50","modified_gmt":"2024-07-16T01:06:50","slug":"encuentran-cuerpo-en-descomposicion-en-playa-de-alvarado","status":"publish","type":"post","link":"https:\/\/encuentroinformativo.com.mx\/?p=56657","title":{"rendered":"Encuentran cuerpo en descomposici\u00f3n en playa de Alvarado"},"content":{"rendered":"\n<p><strong>Alejandro \u00c1vila<\/strong><\/p>\n\n\n\n<p>Alvarado, Ver.- Pobladores de la cabecera municipal de Alvarado reportaron a los n\u00fameros de emergencia la presencia de un cuerpo en avanzado estado de descomposici\u00f3n, por lo cual se mont\u00f3 un operativo policial al respecto.<\/p>\n\n\n\n<p>El avistamiento del cuerpo se dio en la playa a Las Escolleras, punto a donde llegaron los elementos de emergencias para confirmar que el cuerpo de una persona, presuntamente masculino, se encontraba sin vida y en avanzado estado de descomposici\u00f3n, por lo cual se dio aviso a la Polic\u00eda Ministerial.<\/p>\n\n\n\n<p>El personal de la Fiscal\u00eda de Veracruz acordon\u00f3 el \u00e1rea y abri\u00f3 una carpeta de investigaci\u00f3n para recabar informaci\u00f3n sobre este suceso; al momento, se desconoce la identidad del finado, ya que por la forma en que fue encontrado se encontraba pr\u00e1cticamente irreconocible.<\/p>\n","protected":false},"excerpt":{"rendered":"<p>Alejandro \u00c1vila Alvarado, Ver.- Pobladores de la cabecera municipal de Alvarado reportaron a los n\u00fameros de emergencia la presencia de un cuerpo en avanzado estado de descomposici\u00f3n, por lo cual se mont\u00f3 un operativo policial al respecto. El avistamiento del cuerpo se dio en la playa a Las Escolleras, punto a donde llegaron los elementos [&hellip;]<\/p>\n","protected":false},"author":2476,"featured_media":56658,"comment_status":"open","ping_status":"open","sticky":false,"template":"","format":"standard","meta":{"_jetpack_memberships_contains_paid_content":false,"footnotes":""},"categories":[14],"tags":[],"class_list":["post-56657","post","type-post","status-publish","format-standard","has-post-thumbnail","hentry","category-policiaca"],"jetpack_featured_media_url":"https:\/\/encuentroinformativo.com.mx\/wp-content\/uploads\/2024\/07\/IMG-20240715-WA0160.jpg","jetpack_sharing_enabled":true,"jetpack_likes_enabled":true,"amp_enabled":true,"_links":{"self":[{"href":"https:\/\/encuentroinformativo.com.mx\/index.php?rest_route=\/wp\/v2\/posts\/56657","targetHints":{"allow":["GET"]}}],"collection":[{"href":"https:\/\/encuentroinformativo.com.mx\/index.php?rest_route=\/wp\/v2\/posts"}],"about":[{"href":"https:\/\/encuentroinformativo.com.mx\/index.php?rest_route=\/wp\/v2\/types\/post"}],"author":[{"embeddable":true,"href":"https:\/\/encuentroinformativo.com.mx\/index.php?rest_route=\/wp\/v2\/users\/2476"}],"replies":[{"embeddable":true,"href":"https:\/\/encuentroinformativo.com.mx\/index.php?rest_route=%2Fwp%2Fv2%2Fcomments&post=56657"}],"version-history":[{"count":1,"href":"https:\/\/encuentroinformativo.com.mx\/index.php?rest_route=\/wp\/v2\/posts\/56657\/revisions"}],"predecessor-version":[{"id":56659,"href":"https:\/\/encuentroinformativo.com.mx\/index.php?rest_route=\/wp\/v2\/posts\/56657\/revisions\/56659"}],"wp:featuredmedia":[{"embeddable":true,"href":"https:\/\/encuentroinformativo.com.mx\/index.php?rest_route=\/wp\/v2\/media\/56658"}],"wp:attachment":[{"href":"https:\/\/encuentroinformativo.com.mx\/index.php?rest_route=%2Fwp%2Fv2%2Fmedia&parent=56657"}],"wp:term":[{"taxonomy":"category","embeddable":true,"href":"https:\/\/encuentroinformativo.com.mx\/index.php?rest_route=%2Fwp%2Fv2%2Fcategories&post=56657"},{"taxonomy":"post_tag","embeddable":true,"href":"https:\/\/encuentroinformativo.com.mx\/index.php?rest_route=%2Fwp%2Fv2%2Ftags&post=56657"}],"curies":[{"name":"wp","href":"https:\/\/api.w.org\/{rel}","templated":true}]}}