{"id":56660,"date":"2024-07-15T19:11:07","date_gmt":"2024-07-16T01:11:07","guid":{"rendered":"https:\/\/encuentroinformativo.com.mx\/?p=56660"},"modified":"2024-07-15T19:11:14","modified_gmt":"2024-07-16T01:11:14","slug":"presentan-nueva-asociacion-ganadera-en-los-tuxtlas","status":"publish","type":"post","link":"https:\/\/encuentroinformativo.com.mx\/?p=56660","title":{"rendered":"Presentan nueva asociaci\u00f3n ganadera en Los Tuxtlas"},"content":{"rendered":"\n<p><strong>Alejandro \u00c1vila<\/strong><\/p>\n\n\n\n<p>Santiago Tuxtla, Ver.- Ante m\u00e1s de 500 productores de ganado del municipio de Santiago Tuxtla, y contando con la asistencia del secretario de Gobierno del Estado de Veracruz y tambi\u00e9n ganadero, Carlos Alberto Ju\u00e1rez Gil, el empresario y ganadero No\u00e9 Cadena hizo la presentaci\u00f3n formal de la nueva Asociaci\u00f3n Ganadera Local General \u201cSantiago Ap\u00f3stol\u201d, un gran proyecto para Santiago Tuxtla el cual busca aterrizar beneficios reales para el sector.<\/p>\n\n\n\n<p>La presentaci\u00f3n se realiz\u00f3 el pasado fin de semana, ante ganaderos, diputados locales, alcaldes de municipios vecinos invitados por el joven ganadero, adem\u00e1s de empresarios y otras personalidades quienes mostraron su aprobaci\u00f3n al proyecto de No\u00e9 Cadena y quien fue enf\u00e1tico al reiterar que se trata de una nueva opci\u00f3n para traer beneficios reales y directos a productores del sector primario; las utilidades y recurso que generen los diferentes servicios que se ofrecer\u00e1n (emisi\u00f3n de facturas, gu\u00edas de tr\u00e1nsito, etc.) se quedar\u00e1n en Santiago Tuxtla y no se ir\u00e1 a bolsillos de particulares ajenos a este municipio, sentenci\u00f3.<\/p>\n\n\n\n<p>Durante su discurso, No\u00e9 Cadena agradeci\u00f3 la presencia de todos los amigos productores que se dieron un tiempo para compartir el pan y la sal en una amena comida en la que prevaleci\u00f3 el ambiente cordial y expectativas de que la nueva Asociaci\u00f3n Ganadera Santiago Ap\u00f3stol sentar\u00e1 un precedente positivo en la regi\u00f3n.<\/p>\n\n\n\n<p>La Asociaci\u00f3n Ganadera Independiente Santiago Ap\u00f3stol -dijo- no busca crear competencia con otras asociaciones, menos generar conflictos, estar\u00e1 enfocada a ofrecer precios muy bajos y accesibles para todos, inclusive estuvieron presentes, presidentes de asociaciones ganaderas independientes como la de \u201cTres Zapotes\u201d y \u201c5 de Mayo\u201d quienes se sumaron a la invitaci\u00f3n de No\u00e9 Cadena para trabajar en uni\u00f3n y beneficio colectivo: \u201cPartamos desde la coincidencia de ser santiague\u00f1os y ganaderos de coraz\u00f3n\u201d, asever\u00f3.<\/p>\n\n\n\n<p>Lo importante \u2013insisti\u00f3\u2014es que los ganaderos se sientan bien con el trato, que se sientan escuchados y atendidos, pero sobre todo, que se sientan parte de un proyecto de vanguardia, \u201ca m\u00ed de que me sirve tener 2 mil agremiados, si los van a tener ah\u00ed todos abandonados, no compa\u00f1eros\u2026 vamos por un buen trato para el ganadero pues su trabajo es de gran relevancia para el desarrollo del pa\u00eds y es justo que reciban un trato digno cuando buscan hacer alg\u00fan tr\u00e1mite\u201d.<\/p>\n\n\n\n<p>\u201cQue vengan a las instalaciones y se vayan con un buen sabor de boca\u201d, dijo al tiempo que invit\u00f3 a todos los ganaderos de la regi\u00f3n a sumarse al nuevo proyecto, incluso, sin agremiarse pueden hacer uso de las instalaciones y verse beneficiados por los bajos costos.<\/p>\n\n\n\n<p>\u201cTodos son bienvenidos a participar a la nueva asociaci\u00f3n, antes de estar en grupos o asociaciones distintas, somos ganaderos y a todos nos duele lo que pase en el gremio\u201d, coment\u00f3.<\/p>\n\n\n\n<p>Adem\u00e1s, adelant\u00f3 que una de sus primeras acciones, como fundador de la Asociaci\u00f3n Ganadera Independiente Santiago Ap\u00f3stol ser\u00e1 pedir que \u201cnos pongan una ventanilla SINIGA y estar en igualdad de condiciones, pues la asociaci\u00f3n ganadera que est\u00e1 en el centro, no es la propietaria de los aretes, son de la Secretar\u00eda de Agricultura, vamos a gestionar para que se ponga esa ventanilla en un lugar neutral, en el palacio municipal o en un CADER, y si la persona encargada da un mal servicio, que la quiten\u201d.<\/p>\n\n\n\n<p>Finalmente, record\u00f3 que el nuevo proyecto, fue un sue\u00f1o que inici\u00f3 poco m\u00e1s de dos a\u00f1os atr\u00e1s, \u201cno se trata de algo improvisado o de una ocurrencia de unos meses para ac\u00e1\u201d, todo comenz\u00f3 con una pl\u00e1tica con el ganadero No\u00e9 Ram\u00edrez, con Marcelino Tom\u00e9 y el se\u00f1or Chuy Cadena, quienes dieron todo el respaldo y le apostaron.<\/p>\n\n\n\n<p>\u201cAs\u00ed comenzamos con tr\u00e1mites, con idas a M\u00e9xico, a Xalapa, tocando puertas buscando que nos dieran una oportunidad, as\u00ed comenzamos este movimiento, todos estuvimos de acuerdo que el dinero de la asociaci\u00f3n se tiene que quedar en Santiago Tuxtla, no en manos de particulares, ni en una Uni\u00f3n, ni en una Confederaci\u00f3n\u201d, ataj\u00f3.<\/p>\n\n\n\n<p>Durante el evento se cont\u00f3 con la asistencia de notables figuras, como el secretario de Gobierno, Carlos Ju\u00e1rez Gil; Urbano Bautista Mart\u00ednez, alcalde de Playa Vicente y diputado local electo por Acayucan; Jes\u00fas Cadena Robles, presidente de la Asociaci\u00f3n Ganadera Santiago Ap\u00f3stol; No\u00e9 Ram\u00edrez Jacobo, tesorero de la Asociaci\u00f3n Ganadera Santiago Ap\u00f3stol; m\u00e9dico \u00c1ngel Sol\u00eds Osorio, director general de Ganader\u00eda de la SEDARPA en Veracruz; Julio Cesar Garc\u00eda Machucho, alcalde de \u00c1ngel R Cabada; Humberto Amador Zaragoza, subsecretario de Ganader\u00eda y Pesca del Estado, entre otros dirigentes locales.<\/p>\n","protected":false},"excerpt":{"rendered":"<p>Alejandro \u00c1vila Santiago Tuxtla, Ver.- Ante m\u00e1s de 500 productores de ganado del municipio de Santiago Tuxtla, y contando con la asistencia del secretario de Gobierno del Estado de Veracruz y tambi\u00e9n ganadero, Carlos Alberto Ju\u00e1rez Gil, el empresario y ganadero No\u00e9 Cadena hizo la presentaci\u00f3n formal de la nueva Asociaci\u00f3n Ganadera Local General \u201cSantiago [&hellip;]<\/p>\n","protected":false},"author":2476,"featured_media":56661,"comment_status":"open","ping_status":"open","sticky":false,"template":"","format":"standard","meta":{"_jetpack_memberships_contains_paid_content":false,"footnotes":""},"categories":[2],"tags":[],"class_list":["post-56660","post","type-post","status-publish","format-standard","has-post-thumbnail","hentry","category-estado"],"jetpack_featured_media_url":"https:\/\/encuentroinformativo.com.mx\/wp-content\/uploads\/2024\/07\/IMG-20240715-WA0162.jpg","jetpack_sharing_enabled":true,"jetpack_likes_enabled":true,"amp_enabled":true,"_links":{"self":[{"href":"https:\/\/encuentroinformativo.com.mx\/index.php?rest_route=\/wp\/v2\/posts\/56660","targetHints":{"allow":["GET"]}}],"collection":[{"href":"https:\/\/encuentroinformativo.com.mx\/index.php?rest_route=\/wp\/v2\/posts"}],"about":[{"href":"https:\/\/encuentroinformativo.com.mx\/index.php?rest_route=\/wp\/v2\/types\/post"}],"author":[{"embeddable":true,"href":"https:\/\/encuentroinformativo.com.mx\/index.php?rest_route=\/wp\/v2\/users\/2476"}],"replies":[{"embeddable":true,"href":"https:\/\/encuentroinformativo.com.mx\/index.php?rest_route=%2Fwp%2Fv2%2Fcomments&post=56660"}],"version-history":[{"count":1,"href":"https:\/\/encuentroinformativo.com.mx\/index.php?rest_route=\/wp\/v2\/posts\/56660\/revisions"}],"predecessor-version":[{"id":56662,"href":"https:\/\/encuentroinformativo.com.mx\/index.php?rest_route=\/wp\/v2\/posts\/56660\/revisions\/56662"}],"wp:featuredmedia":[{"embeddable":true,"href":"https:\/\/encuentroinformativo.com.mx\/index.php?rest_route=\/wp\/v2\/media\/56661"}],"wp:attachment":[{"href":"https:\/\/encuentroinformativo.com.mx\/index.php?rest_route=%2Fwp%2Fv2%2Fmedia&parent=56660"}],"wp:term":[{"taxonomy":"category","embeddable":true,"href":"https:\/\/encuentroinformativo.com.mx\/index.php?rest_route=%2Fwp%2Fv2%2Fcategories&post=56660"},{"taxonomy":"post_tag","embeddable":true,"href":"https:\/\/encuentroinformativo.com.mx\/index.php?rest_route=%2Fwp%2Fv2%2Ftags&post=56660"}],"curies":[{"name":"wp","href":"https:\/\/api.w.org\/{rel}","templated":true}]}}