{"id":56665,"date":"2024-07-16T10:40:15","date_gmt":"2024-07-16T16:40:15","guid":{"rendered":"https:\/\/encuentroinformativo.com.mx\/?p=56665"},"modified":"2024-07-16T10:40:22","modified_gmt":"2024-07-16T16:40:22","slug":"reitera-alcalde-apoyo-a-familia-de-don-juan-murio-atropellado-por-aplanadora","status":"publish","type":"post","link":"https:\/\/encuentroinformativo.com.mx\/?p=56665","title":{"rendered":"Reitera Alcalde apoyo a familia de don Juan; muri\u00f3 atropellado por aplanadora"},"content":{"rendered":"\n<p><strong>Dar\u00edo Pale<\/strong> <\/p>\n\n\n\n<p>Xalapa, Ver.- Los familiares de don Juan quien perdiera la vida al ser atropellado por una aplanadora que se quedo sin frenos cuentan con todo el respaldo de su administraci\u00f3n para que se haga justicia, as\u00ed \u00a0lo dio a conocer le presidente municipal Ricardo Ahued Bardahuil.<\/p>\n\n\n\n<p>En entrevista afirm\u00f3 que est\u00e1 en total disposici\u00f3n de escucharles, atenderles y apoyarles en lo necesario.<\/p>\n\n\n\n<p>\u201cQue me vengan a ver; yo no tuve contacto con ellos porque est\u00e1 obligada la empresa y la aseguradora, pero yo puedo intervenir de inmediato, inclusive, ma\u00f1ana mismo yo los puedo atender\u201d.<\/p>\n\n\n\n<p>Cabe recordar que este fin de semana, en el lugar de lo ocurrido, se congregaron para despedirlo conforme a su fe; y dieron a conocer que la empresa no se hizo responsable de las indemnizaciones ni de los gastos funerarios que el caso conlleva, tal como las autoridades municipales lo dieron a conocer.<\/p>\n\n\n\n<p>Por lo que el alcalde sostuvo que la empresa contratada previo a la licitaci\u00f3n de ley para dicha obra cuenta con una p\u00f3liza de seguro que debe hacerse valer.<\/p>\n\n\n\n<p>Finalmente se\u00f1al\u00f3 que, \u201ctienen que hacerse cargo del accidente que se suscit\u00f3; tienen un seguro de la obra, del personal y de terceros, y si hay alg\u00fan tema que se tenga que agilizar nosotros intervenimos para que se haga justicia\u201d.<\/p>\n","protected":false},"excerpt":{"rendered":"<p>Dar\u00edo Pale Xalapa, Ver.- Los familiares de don Juan quien perdiera la vida al ser atropellado por una aplanadora que se quedo sin frenos cuentan con todo el respaldo de su administraci\u00f3n para que se haga justicia, as\u00ed \u00a0lo dio a conocer le presidente municipal Ricardo Ahued Bardahuil. En entrevista afirm\u00f3 que est\u00e1 en total [&hellip;]<\/p>\n","protected":false},"author":2476,"featured_media":56666,"comment_status":"open","ping_status":"open","sticky":false,"template":"","format":"standard","meta":{"_jetpack_memberships_contains_paid_content":false,"footnotes":""},"categories":[3],"tags":[],"class_list":["post-56665","post","type-post","status-publish","format-standard","has-post-thumbnail","hentry","category-xalapa"],"jetpack_featured_media_url":"https:\/\/encuentroinformativo.com.mx\/wp-content\/uploads\/2024\/07\/IMG-20240716-WA0008.jpg","jetpack_sharing_enabled":true,"jetpack_likes_enabled":true,"amp_enabled":true,"_links":{"self":[{"href":"https:\/\/encuentroinformativo.com.mx\/index.php?rest_route=\/wp\/v2\/posts\/56665","targetHints":{"allow":["GET"]}}],"collection":[{"href":"https:\/\/encuentroinformativo.com.mx\/index.php?rest_route=\/wp\/v2\/posts"}],"about":[{"href":"https:\/\/encuentroinformativo.com.mx\/index.php?rest_route=\/wp\/v2\/types\/post"}],"author":[{"embeddable":true,"href":"https:\/\/encuentroinformativo.com.mx\/index.php?rest_route=\/wp\/v2\/users\/2476"}],"replies":[{"embeddable":true,"href":"https:\/\/encuentroinformativo.com.mx\/index.php?rest_route=%2Fwp%2Fv2%2Fcomments&post=56665"}],"version-history":[{"count":1,"href":"https:\/\/encuentroinformativo.com.mx\/index.php?rest_route=\/wp\/v2\/posts\/56665\/revisions"}],"predecessor-version":[{"id":56667,"href":"https:\/\/encuentroinformativo.com.mx\/index.php?rest_route=\/wp\/v2\/posts\/56665\/revisions\/56667"}],"wp:featuredmedia":[{"embeddable":true,"href":"https:\/\/encuentroinformativo.com.mx\/index.php?rest_route=\/wp\/v2\/media\/56666"}],"wp:attachment":[{"href":"https:\/\/encuentroinformativo.com.mx\/index.php?rest_route=%2Fwp%2Fv2%2Fmedia&parent=56665"}],"wp:term":[{"taxonomy":"category","embeddable":true,"href":"https:\/\/encuentroinformativo.com.mx\/index.php?rest_route=%2Fwp%2Fv2%2Fcategories&post=56665"},{"taxonomy":"post_tag","embeddable":true,"href":"https:\/\/encuentroinformativo.com.mx\/index.php?rest_route=%2Fwp%2Fv2%2Ftags&post=56665"}],"curies":[{"name":"wp","href":"https:\/\/api.w.org\/{rel}","templated":true}]}}