{"id":56669,"date":"2024-07-16T11:45:19","date_gmt":"2024-07-16T17:45:19","guid":{"rendered":"https:\/\/encuentroinformativo.com.mx\/?p=56669"},"modified":"2024-07-16T11:45:27","modified_gmt":"2024-07-16T17:45:27","slug":"invitan-a-nueva-edicion-de-un-verano-de-titeres","status":"publish","type":"post","link":"https:\/\/encuentroinformativo.com.mx\/?p=56669","title":{"rendered":"Invitan a nueva edici\u00f3n de un Verano de T\u00edteres"},"content":{"rendered":"\n<p><strong>Dar\u00edo Pale <\/strong><\/p>\n\n\n\n<p>Xalapa, Ver.- David Aroon Estrada, director de &#8220;El Rinc\u00f3n de los T\u00edteres&#8221;, dio a conocer la realizaci\u00f3n de la 12da edici\u00f3n de &#8220;Un Verano de T\u00edteres&#8221;, la cual se realizar\u00e1 del 20 de julio al 1 de septiembre en dicho teatro.<\/p>\n\n\n\n<p>En conferencia de prensa se\u00f1al\u00f3 que, &#8220;es una ocasi\u00f3n muy especial porque nos van a acompa\u00f1ar grupos de la Ciudad de M\u00e9xico, Tlaxcala, Saltillo Coahuila, de Per\u00fa y Quer\u00e9taro, entonces es una programaci\u00f3n muy amplia&#8221;.<\/p>\n\n\n\n<p>En total participar\u00e1n 14 compa\u00f1\u00edas, quienes ofrecer\u00e1n funciones para todo el p\u00fablico, especialmente los ni\u00f1os, quienes podr\u00e1n acercarse al arte gui\u00f1ol a lo largo de 20 funciones.<\/p>\n\n\n\n<p>Las presentaciones se realizar\u00e1n los d\u00edas viernes, s\u00e1bado y domingo, en horarios de 13:00, 17:00 y 19:00 horas; el costo de los accesos ser\u00e1n de 85 pesos para ni\u00f1os y 100 pesos para adultos.<\/p>\n\n\n\n<p>Finalmente reiteraron que la invitaci\u00f3n est\u00e1 abierta al p\u00fablico en general, quienes podr\u00e1n disfrutar las diferentes puestas en escena gracias al esfuerzo de los promotores culturales.<\/p>\n","protected":false},"excerpt":{"rendered":"<p>Dar\u00edo Pale Xalapa, Ver.- David Aroon Estrada, director de &#8220;El Rinc\u00f3n de los T\u00edteres&#8221;, dio a conocer la realizaci\u00f3n de la 12da edici\u00f3n de &#8220;Un Verano de T\u00edteres&#8221;, la cual se realizar\u00e1 del 20 de julio al 1 de septiembre en dicho teatro. En conferencia de prensa se\u00f1al\u00f3 que, &#8220;es una ocasi\u00f3n muy especial porque [&hellip;]<\/p>\n","protected":false},"author":2476,"featured_media":56670,"comment_status":"open","ping_status":"open","sticky":false,"template":"","format":"standard","meta":{"_jetpack_memberships_contains_paid_content":false,"footnotes":""},"categories":[3],"tags":[],"class_list":["post-56669","post","type-post","status-publish","format-standard","has-post-thumbnail","hentry","category-xalapa"],"jetpack_featured_media_url":"https:\/\/encuentroinformativo.com.mx\/wp-content\/uploads\/2024\/07\/IMG-20240716-WA0021.jpg","jetpack_sharing_enabled":true,"jetpack_likes_enabled":true,"amp_enabled":true,"_links":{"self":[{"href":"https:\/\/encuentroinformativo.com.mx\/index.php?rest_route=\/wp\/v2\/posts\/56669","targetHints":{"allow":["GET"]}}],"collection":[{"href":"https:\/\/encuentroinformativo.com.mx\/index.php?rest_route=\/wp\/v2\/posts"}],"about":[{"href":"https:\/\/encuentroinformativo.com.mx\/index.php?rest_route=\/wp\/v2\/types\/post"}],"author":[{"embeddable":true,"href":"https:\/\/encuentroinformativo.com.mx\/index.php?rest_route=\/wp\/v2\/users\/2476"}],"replies":[{"embeddable":true,"href":"https:\/\/encuentroinformativo.com.mx\/index.php?rest_route=%2Fwp%2Fv2%2Fcomments&post=56669"}],"version-history":[{"count":1,"href":"https:\/\/encuentroinformativo.com.mx\/index.php?rest_route=\/wp\/v2\/posts\/56669\/revisions"}],"predecessor-version":[{"id":56671,"href":"https:\/\/encuentroinformativo.com.mx\/index.php?rest_route=\/wp\/v2\/posts\/56669\/revisions\/56671"}],"wp:featuredmedia":[{"embeddable":true,"href":"https:\/\/encuentroinformativo.com.mx\/index.php?rest_route=\/wp\/v2\/media\/56670"}],"wp:attachment":[{"href":"https:\/\/encuentroinformativo.com.mx\/index.php?rest_route=%2Fwp%2Fv2%2Fmedia&parent=56669"}],"wp:term":[{"taxonomy":"category","embeddable":true,"href":"https:\/\/encuentroinformativo.com.mx\/index.php?rest_route=%2Fwp%2Fv2%2Fcategories&post=56669"},{"taxonomy":"post_tag","embeddable":true,"href":"https:\/\/encuentroinformativo.com.mx\/index.php?rest_route=%2Fwp%2Fv2%2Ftags&post=56669"}],"curies":[{"name":"wp","href":"https:\/\/api.w.org\/{rel}","templated":true}]}}