{"id":56685,"date":"2024-07-16T13:59:22","date_gmt":"2024-07-16T19:59:22","guid":{"rendered":"https:\/\/encuentroinformativo.com.mx\/?p=56685"},"modified":"2024-07-16T13:59:29","modified_gmt":"2024-07-16T19:59:29","slug":"halcones-rojos-arranca-temporada-en-casa-enfrentando-cancun","status":"publish","type":"post","link":"https:\/\/encuentroinformativo.com.mx\/?p=56685","title":{"rendered":"Halcones Rojos arranca temporada en casa enfrentando Canc\u00fan"},"content":{"rendered":"\n<p><strong>Alejandro \u00c1vila<\/strong><\/p>\n\n\n\n<p>Veracruz, Ver.- Los Halcones Rojos de Veracruz iniciar\u00e1n la temporada en casa, cuando enfrenten el pr\u00f3ximo 25 y 26 de julio en el auditorio &#8220;Benito Ju\u00e1rez&#8221; al Calor de Canc\u00fan.<\/p>\n\n\n\n<p>En agosto recibir\u00e1n a Correcaminos de Tamaulipas y Panteras de Aguascalientes; mientras que en septiembre recibir\u00e1n a Mineros de Zacatecas, Freseros de Irapuato, Astros de Jalisco y, el &#8220;cl\u00e1sico veracruzano&#8221; contra Halcones de Xalapa, los d\u00edas 29 y 30.<\/p>\n\n\n\n<p>Finalmente, en el mes de octubre recibir\u00e1n Abejas de Le\u00f3n; los partidos en casa de lunes a s\u00e1bado se disputar\u00e1n a las 8:15 de la noche, mientras que los que se jueguen el d\u00eda domingo ser\u00e1n a las 6 de la tarde.<\/p>\n\n\n\n<p>R\u00d3STER HALCONES ROJOS 2024<\/p>\n\n\n\n<h6 class=\"wp-block-heading\">17 ALEJANDRO REYNA<\/h6>\n\n\n\n<p>\u00b7 P\u00edvot, 2.06 m, mexicano<\/p>\n\n\n\n<h6 class=\"wp-block-heading\">1 JAVION OGUNYEMI<\/h6>\n\n\n\n<p>\u00b7 P\u00edvot, 2.06 m, estadounidense<\/p>\n\n\n\n<h6 class=\"wp-block-heading\">44 JOSU\u00c9 ANDRIASSI<\/h6>\n\n\n\n<p>\u00b7 Escolta, 1.85 m, mexicano<\/p>\n\n\n\n<h6 class=\"wp-block-heading\">25 JUSTIN DENTMON<\/h6>\n\n\n\n<p>\u00b7 Base, 1.83 m, estadounidense<\/p>\n\n\n\n<h6 class=\"wp-block-heading\">6 IKECHUKWU DIOGU<\/h6>\n\n\n\n<p>\u00b7 P\u00edvot, 2.06 m, estadounidense\/nigeriano<\/p>\n\n\n\n<h6 class=\"wp-block-heading\">8 IRWIN \u00c1VALOS<\/h6>\n\n\n\n<p>\u00b7 Alero\/ala-p\u00edvot, 2.01 m, mexicano<\/p>\n\n\n\n<h6 class=\"wp-block-heading\">11 RAMS\u00c9S SU\u00c1REZ &#8216;RANA&#8217;<\/h6>\n\n\n\n<p>\u00b7 Base, 1.83 m, mexicano<\/p>\n\n\n\n<h6 class=\"wp-block-heading\">0 ERIC AYALA<\/h6>\n\n\n\n<p>\u00b7 Escolta, 1.93 m, estadounidense\/puertorrique\u00f1o<\/p>\n\n\n\n<h6 class=\"wp-block-heading\">29 EMMANUEL COLOSIA<\/h6>\n\n\n\n<p>\u00b7 Base, 1.80 m, mexicano<\/p>\n\n\n\n<h6 class=\"wp-block-heading\">10 CAMERON SATTERWHITE<\/h6>\n\n\n\n<p>\u00b7 Escolta, 1.93, estadounidense<\/p>\n\n\n\n<h6 class=\"wp-block-heading\">30 KENNETH HORTON<\/h6>\n\n\n\n<p>\u00b7 Ala-p\u00edvot, 2.01 m, estadounidense<\/p>\n","protected":false},"excerpt":{"rendered":"<p>Alejandro \u00c1vila Veracruz, Ver.- Los Halcones Rojos de Veracruz iniciar\u00e1n la temporada en casa, cuando enfrenten el pr\u00f3ximo 25 y 26 de julio en el auditorio &#8220;Benito Ju\u00e1rez&#8221; al Calor de Canc\u00fan. En agosto recibir\u00e1n a Correcaminos de Tamaulipas y Panteras de Aguascalientes; mientras que en septiembre recibir\u00e1n a Mineros de Zacatecas, Freseros de Irapuato, [&hellip;]<\/p>\n","protected":false},"author":2476,"featured_media":56686,"comment_status":"open","ping_status":"open","sticky":false,"template":"","format":"standard","meta":{"_jetpack_memberships_contains_paid_content":false,"footnotes":""},"categories":[2],"tags":[],"class_list":["post-56685","post","type-post","status-publish","format-standard","has-post-thumbnail","hentry","category-estado"],"jetpack_featured_media_url":"https:\/\/encuentroinformativo.com.mx\/wp-content\/uploads\/2024\/07\/IMG-20240716-WA0066.jpg","jetpack_sharing_enabled":true,"jetpack_likes_enabled":true,"amp_enabled":true,"_links":{"self":[{"href":"https:\/\/encuentroinformativo.com.mx\/index.php?rest_route=\/wp\/v2\/posts\/56685","targetHints":{"allow":["GET"]}}],"collection":[{"href":"https:\/\/encuentroinformativo.com.mx\/index.php?rest_route=\/wp\/v2\/posts"}],"about":[{"href":"https:\/\/encuentroinformativo.com.mx\/index.php?rest_route=\/wp\/v2\/types\/post"}],"author":[{"embeddable":true,"href":"https:\/\/encuentroinformativo.com.mx\/index.php?rest_route=\/wp\/v2\/users\/2476"}],"replies":[{"embeddable":true,"href":"https:\/\/encuentroinformativo.com.mx\/index.php?rest_route=%2Fwp%2Fv2%2Fcomments&post=56685"}],"version-history":[{"count":1,"href":"https:\/\/encuentroinformativo.com.mx\/index.php?rest_route=\/wp\/v2\/posts\/56685\/revisions"}],"predecessor-version":[{"id":56687,"href":"https:\/\/encuentroinformativo.com.mx\/index.php?rest_route=\/wp\/v2\/posts\/56685\/revisions\/56687"}],"wp:featuredmedia":[{"embeddable":true,"href":"https:\/\/encuentroinformativo.com.mx\/index.php?rest_route=\/wp\/v2\/media\/56686"}],"wp:attachment":[{"href":"https:\/\/encuentroinformativo.com.mx\/index.php?rest_route=%2Fwp%2Fv2%2Fmedia&parent=56685"}],"wp:term":[{"taxonomy":"category","embeddable":true,"href":"https:\/\/encuentroinformativo.com.mx\/index.php?rest_route=%2Fwp%2Fv2%2Fcategories&post=56685"},{"taxonomy":"post_tag","embeddable":true,"href":"https:\/\/encuentroinformativo.com.mx\/index.php?rest_route=%2Fwp%2Fv2%2Ftags&post=56685"}],"curies":[{"name":"wp","href":"https:\/\/api.w.org\/{rel}","templated":true}]}}