{"id":56688,"date":"2024-07-16T14:02:11","date_gmt":"2024-07-16T20:02:11","guid":{"rendered":"https:\/\/encuentroinformativo.com.mx\/?p=56688"},"modified":"2024-07-16T14:02:20","modified_gmt":"2024-07-16T20:02:20","slug":"imparte-transito-del-estado-curso-de-vialidad-a-motociclistas-de-cardel","status":"publish","type":"post","link":"https:\/\/encuentroinformativo.com.mx\/?p=56688","title":{"rendered":"Imparte Tr\u00e1nsito del Estado curso de vialidad a motociclistas de Cardel"},"content":{"rendered":"\n<p>Xalapa, Ver.- Con el firme prop\u00f3sito de prevenir accidentes y fomentar el uso correcto del casco, la Direcci\u00f3n General de Tr\u00e1nsito y Seguridad Vial (DGTSV) llev\u00f3 a cabo un curso-taller dirigido a 60 motociclistas de Cardel.<\/p>\n\n\n\n<p>Este evento est\u00e1 dise\u00f1ado para fortalecer la seguridad vial entre los usuarios de motocicletas y cont\u00f3 con la participaci\u00f3n de motociclistas de diversas empresas que ofrecen servicios de reparto a domicilio, moto-servicio, as\u00ed como trabajadores de distintas empresas y el p\u00fablico en general.<\/p>\n\n\n\n<p>Durante el taller, los asistentes reciben instrucciones detalladas sobre la importancia del uso del casco y otras medidas preventivas que son esenciales para reducir el riesgo de accidentes. Adem\u00e1s, se ha organizado un espacio interactivo de preguntas y respuestas, donde los participantes intercambian opiniones y se resuelven dudas con el personal especializado que imparte el curso.<\/p>\n\n\n\n<p>La Direcci\u00f3n General de Tr\u00e1nsito y Seguridad Vial reafirma su compromiso con la seguridad de todos los motociclistas, automovilistas y la ciudadan\u00eda en general, hace un llamado a la comunidad para que se sume a estas iniciativas que buscan proteger vidas y promover una cultura vial responsable.<\/p>\n","protected":false},"excerpt":{"rendered":"<p>Xalapa, Ver.- Con el firme prop\u00f3sito de prevenir accidentes y fomentar el uso correcto del casco, la Direcci\u00f3n General de Tr\u00e1nsito y Seguridad Vial (DGTSV) llev\u00f3 a cabo un curso-taller dirigido a 60 motociclistas de Cardel. Este evento est\u00e1 dise\u00f1ado para fortalecer la seguridad vial entre los usuarios de motocicletas y cont\u00f3 con la participaci\u00f3n [&hellip;]<\/p>\n","protected":false},"author":2476,"featured_media":56689,"comment_status":"open","ping_status":"open","sticky":false,"template":"","format":"standard","meta":{"_jetpack_memberships_contains_paid_content":false,"footnotes":""},"categories":[8],"tags":[],"class_list":["post-56688","post","type-post","status-publish","format-standard","has-post-thumbnail","hentry","category-region"],"jetpack_featured_media_url":"https:\/\/encuentroinformativo.com.mx\/wp-content\/uploads\/2024\/07\/IMG-20240716-WA0061.jpg","jetpack_sharing_enabled":true,"jetpack_likes_enabled":true,"amp_enabled":true,"_links":{"self":[{"href":"https:\/\/encuentroinformativo.com.mx\/index.php?rest_route=\/wp\/v2\/posts\/56688","targetHints":{"allow":["GET"]}}],"collection":[{"href":"https:\/\/encuentroinformativo.com.mx\/index.php?rest_route=\/wp\/v2\/posts"}],"about":[{"href":"https:\/\/encuentroinformativo.com.mx\/index.php?rest_route=\/wp\/v2\/types\/post"}],"author":[{"embeddable":true,"href":"https:\/\/encuentroinformativo.com.mx\/index.php?rest_route=\/wp\/v2\/users\/2476"}],"replies":[{"embeddable":true,"href":"https:\/\/encuentroinformativo.com.mx\/index.php?rest_route=%2Fwp%2Fv2%2Fcomments&post=56688"}],"version-history":[{"count":1,"href":"https:\/\/encuentroinformativo.com.mx\/index.php?rest_route=\/wp\/v2\/posts\/56688\/revisions"}],"predecessor-version":[{"id":56690,"href":"https:\/\/encuentroinformativo.com.mx\/index.php?rest_route=\/wp\/v2\/posts\/56688\/revisions\/56690"}],"wp:featuredmedia":[{"embeddable":true,"href":"https:\/\/encuentroinformativo.com.mx\/index.php?rest_route=\/wp\/v2\/media\/56689"}],"wp:attachment":[{"href":"https:\/\/encuentroinformativo.com.mx\/index.php?rest_route=%2Fwp%2Fv2%2Fmedia&parent=56688"}],"wp:term":[{"taxonomy":"category","embeddable":true,"href":"https:\/\/encuentroinformativo.com.mx\/index.php?rest_route=%2Fwp%2Fv2%2Fcategories&post=56688"},{"taxonomy":"post_tag","embeddable":true,"href":"https:\/\/encuentroinformativo.com.mx\/index.php?rest_route=%2Fwp%2Fv2%2Ftags&post=56688"}],"curies":[{"name":"wp","href":"https:\/\/api.w.org\/{rel}","templated":true}]}}