{"id":56702,"date":"2024-07-16T18:01:56","date_gmt":"2024-07-17T00:01:56","guid":{"rendered":"https:\/\/encuentroinformativo.com.mx\/?p=56702"},"modified":"2024-07-16T18:02:06","modified_gmt":"2024-07-17T00:02:06","slug":"salud-debe-reforzar-acciones-contra-el-dengue-diputada","status":"publish","type":"post","link":"https:\/\/encuentroinformativo.com.mx\/?p=56702","title":{"rendered":"Salud debe reforzar acciones contra el dengue: Diputada"},"content":{"rendered":"\n<p><strong>Dar\u00edo Pale <\/strong><\/p>\n\n\n\n<p>Xalapa, Ver.- Esperaran a que la instancia correspondiente, en este caso la Secretar\u00eda de salud emita alguna indicaci\u00f3n para tomar las medidas correspondientes entorno al incremento de casos de COVID o dengue en el estado, as\u00ed lo inform\u00f3 la diputada local y presidenta de la Comisi\u00f3n de salud en el Congreso del Estado, Margarita Corro Mendoza.<\/p>\n\n\n\n<p>Se\u00f1al\u00f3 que no hay casos de COVID por el momento y solo seguir\u00e1n las indicaciones preventivas que les emita la Secretar\u00eda de Salud en caso de ser necesario, por lo que todav\u00eda no se aplican medidas preventivas en el congreso.<\/p>\n\n\n\n<p>\u201cSe dice mucho, pero dame estad\u00edsticas y que tipo de COVID est\u00e1 dando porque las cepas van variando, si el ISSSTE lo dice tenemos que esperar a ver que dice la Secretar\u00eda de salud, que es la instancia oficial del estado para poder dar las medidas preventivas\u201d, se\u00f1al\u00f3.<\/p>\n\n\n\n<p>Coment\u00f3, que, pese a ser un edificio p\u00fablico en el Congreso del Estado a\u00fan no se exige el uso del cubrebocas, porque todav\u00eda no se han emitido indicaciones para obligar a los trabajadores a tomar medidas.<\/p>\n\n\n\n<p>Neg\u00f3 que la Secretar\u00eda de Salud sea omisa al no haber emitido alguna medida preventiva al momento, pues dijo que no se cuentan con estad\u00edsticas preocupantes.<\/p>\n\n\n\n<p>&#8220;No ha sido omisa yo creo que primero tiene que saber las estad\u00edsticas que se est\u00e1n presentando y tener datos ciertos, por ejemplo, ahorita tenemos un gran padecimiento de lo que es el dengue que tambi\u00e9n hay que tener en cuenta que por ejemplo en Xalapa no ten\u00edan dengue y ahora ya tienen dengue y pues tenemos que tomar medidas preventivas como descacharrizaci\u00f3n y si hay alg\u00fan factor positivo de alguien que padezca dengue fumigar el \u00e1rea\u201d, coment\u00f3.<\/p>\n\n\n\n<p>Finalmente dio a conocer que la poblaci\u00f3n ya conoce las medidas preventivas que hay que tomar, desde 2019 que se vivi\u00f3 la pandemia del coronavirus, por lo que mucha gente ni siquiera se espera a que la autoridad emita alguna recomendaci\u00f3n y aplican pr\u00e1cticas como lavarse las manos, no estornudar en p\u00fablico y cubrirse con cubrebocas.<\/p>\n","protected":false},"excerpt":{"rendered":"<p>Dar\u00edo Pale Xalapa, Ver.- Esperaran a que la instancia correspondiente, en este caso la Secretar\u00eda de salud emita alguna indicaci\u00f3n para tomar las medidas correspondientes entorno al incremento de casos de COVID o dengue en el estado, as\u00ed lo inform\u00f3 la diputada local y presidenta de la Comisi\u00f3n de salud en el Congreso del Estado, [&hellip;]<\/p>\n","protected":false},"author":2476,"featured_media":56703,"comment_status":"open","ping_status":"open","sticky":false,"template":"","format":"standard","meta":{"_jetpack_memberships_contains_paid_content":false,"footnotes":""},"categories":[9],"tags":[],"class_list":["post-56702","post","type-post","status-publish","format-standard","has-post-thumbnail","hentry","category-salud"],"jetpack_featured_media_url":"https:\/\/encuentroinformativo.com.mx\/wp-content\/uploads\/2024\/07\/IMG-20240716-WA0089.jpg","jetpack_sharing_enabled":true,"jetpack_likes_enabled":true,"amp_enabled":true,"_links":{"self":[{"href":"https:\/\/encuentroinformativo.com.mx\/index.php?rest_route=\/wp\/v2\/posts\/56702","targetHints":{"allow":["GET"]}}],"collection":[{"href":"https:\/\/encuentroinformativo.com.mx\/index.php?rest_route=\/wp\/v2\/posts"}],"about":[{"href":"https:\/\/encuentroinformativo.com.mx\/index.php?rest_route=\/wp\/v2\/types\/post"}],"author":[{"embeddable":true,"href":"https:\/\/encuentroinformativo.com.mx\/index.php?rest_route=\/wp\/v2\/users\/2476"}],"replies":[{"embeddable":true,"href":"https:\/\/encuentroinformativo.com.mx\/index.php?rest_route=%2Fwp%2Fv2%2Fcomments&post=56702"}],"version-history":[{"count":1,"href":"https:\/\/encuentroinformativo.com.mx\/index.php?rest_route=\/wp\/v2\/posts\/56702\/revisions"}],"predecessor-version":[{"id":56704,"href":"https:\/\/encuentroinformativo.com.mx\/index.php?rest_route=\/wp\/v2\/posts\/56702\/revisions\/56704"}],"wp:featuredmedia":[{"embeddable":true,"href":"https:\/\/encuentroinformativo.com.mx\/index.php?rest_route=\/wp\/v2\/media\/56703"}],"wp:attachment":[{"href":"https:\/\/encuentroinformativo.com.mx\/index.php?rest_route=%2Fwp%2Fv2%2Fmedia&parent=56702"}],"wp:term":[{"taxonomy":"category","embeddable":true,"href":"https:\/\/encuentroinformativo.com.mx\/index.php?rest_route=%2Fwp%2Fv2%2Fcategories&post=56702"},{"taxonomy":"post_tag","embeddable":true,"href":"https:\/\/encuentroinformativo.com.mx\/index.php?rest_route=%2Fwp%2Fv2%2Ftags&post=56702"}],"curies":[{"name":"wp","href":"https:\/\/api.w.org\/{rel}","templated":true}]}}