{"id":56705,"date":"2024-07-16T21:35:26","date_gmt":"2024-07-17T03:35:26","guid":{"rendered":"https:\/\/encuentroinformativo.com.mx\/?p=56705"},"modified":"2024-07-16T21:35:37","modified_gmt":"2024-07-17T03:35:37","slug":"aparatoso-accidente-de-autobuses-de-pasaje-en-carretera-de-alvarado","status":"publish","type":"post","link":"https:\/\/encuentroinformativo.com.mx\/?p=56705","title":{"rendered":"Aparatoso accidente de autobuses de pasaje en carretera de Alvarado"},"content":{"rendered":"\n<p><strong>Alejandro \u00c1vila<\/strong><\/p>\n\n\n\n<p>Alvarado, Ver.- Varios lesionados, afortunadamente ninguno de gravedad, fue el saldo que dej\u00f3 un choque de frente entre los autobuses de pasaje de la l\u00ednea Los Tuxtla y Sotavento la noche de este martes.<\/p>\n\n\n\n<p>Los hechos ocurrieron cerca de las 8 de la noche en la carretera federal 180 a la altura de la localidad Salinas perteneciente al municipio Alvarado.<\/p>\n\n\n\n<p>&#8220;El Tuxtla tiene toda la parte frontal desbaratada, la gente tuvo que salir por las ventanillas porque la puerta qued\u00f3, desapareci\u00f3 la puerta, qued\u00f3 totalmente desbaratada, se ve por las marcas de las llantas que el Tuxtla se meti\u00f3 a rebasar y se encontr\u00f3 de frente con el Sotavento que ven\u00eda de Alvarado hacia Veracruz, el Sotavento quiz\u00e1 lo quiso esquivar porque se fue hacia el monte, hacia la parte izquierda&#8221;, mencion\u00f3 un testigo.<\/p>\n\n\n\n<p>Al lugar acudieron elementos de Protecci\u00f3n Civil Municipal y Bomberos de Alvarado para brindar los primeros auxilios a las personas; hasta el momento solo se report\u00f3 la atenci\u00f3n m\u00e9dica a varias personas por golpes menores y control de p\u00e1nico debido al susto que tuvieron.<\/p>\n","protected":false},"excerpt":{"rendered":"<p>Alejandro \u00c1vila Alvarado, Ver.- Varios lesionados, afortunadamente ninguno de gravedad, fue el saldo que dej\u00f3 un choque de frente entre los autobuses de pasaje de la l\u00ednea Los Tuxtla y Sotavento la noche de este martes. Los hechos ocurrieron cerca de las 8 de la noche en la carretera federal 180 a la altura de [&hellip;]<\/p>\n","protected":false},"author":2476,"featured_media":56706,"comment_status":"open","ping_status":"open","sticky":false,"template":"","format":"standard","meta":{"_jetpack_memberships_contains_paid_content":false,"footnotes":""},"categories":[2],"tags":[],"class_list":["post-56705","post","type-post","status-publish","format-standard","has-post-thumbnail","hentry","category-estado"],"jetpack_featured_media_url":"https:\/\/encuentroinformativo.com.mx\/wp-content\/uploads\/2024\/07\/IMG-20240716-WA0104.jpg","jetpack_sharing_enabled":true,"jetpack_likes_enabled":true,"amp_enabled":true,"_links":{"self":[{"href":"https:\/\/encuentroinformativo.com.mx\/index.php?rest_route=\/wp\/v2\/posts\/56705","targetHints":{"allow":["GET"]}}],"collection":[{"href":"https:\/\/encuentroinformativo.com.mx\/index.php?rest_route=\/wp\/v2\/posts"}],"about":[{"href":"https:\/\/encuentroinformativo.com.mx\/index.php?rest_route=\/wp\/v2\/types\/post"}],"author":[{"embeddable":true,"href":"https:\/\/encuentroinformativo.com.mx\/index.php?rest_route=\/wp\/v2\/users\/2476"}],"replies":[{"embeddable":true,"href":"https:\/\/encuentroinformativo.com.mx\/index.php?rest_route=%2Fwp%2Fv2%2Fcomments&post=56705"}],"version-history":[{"count":1,"href":"https:\/\/encuentroinformativo.com.mx\/index.php?rest_route=\/wp\/v2\/posts\/56705\/revisions"}],"predecessor-version":[{"id":56707,"href":"https:\/\/encuentroinformativo.com.mx\/index.php?rest_route=\/wp\/v2\/posts\/56705\/revisions\/56707"}],"wp:featuredmedia":[{"embeddable":true,"href":"https:\/\/encuentroinformativo.com.mx\/index.php?rest_route=\/wp\/v2\/media\/56706"}],"wp:attachment":[{"href":"https:\/\/encuentroinformativo.com.mx\/index.php?rest_route=%2Fwp%2Fv2%2Fmedia&parent=56705"}],"wp:term":[{"taxonomy":"category","embeddable":true,"href":"https:\/\/encuentroinformativo.com.mx\/index.php?rest_route=%2Fwp%2Fv2%2Fcategories&post=56705"},{"taxonomy":"post_tag","embeddable":true,"href":"https:\/\/encuentroinformativo.com.mx\/index.php?rest_route=%2Fwp%2Fv2%2Ftags&post=56705"}],"curies":[{"name":"wp","href":"https:\/\/api.w.org\/{rel}","templated":true}]}}