{"id":56714,"date":"2024-07-17T08:50:15","date_gmt":"2024-07-17T14:50:15","guid":{"rendered":"https:\/\/encuentroinformativo.com.mx\/?p=56714"},"modified":"2024-07-17T11:50:46","modified_gmt":"2024-07-17T17:50:46","slug":"necesario-mejorar-conectividad-a-internet-en-veracruz-diputada","status":"publish","type":"post","link":"https:\/\/encuentroinformativo.com.mx\/?p=56714","title":{"rendered":"Necesario mejorar conectividad a internet en Veracruz: Diputada"},"content":{"rendered":"\n<p><strong>Alejandro \u00c1vila<\/strong><\/p>\n\n\n\n<p>Veracruz, Ver.- De acuerdo al reporte de los Indicadores Nacionales de la Mejora Continua de la Educaci\u00f3n en M\u00e9xico (Mejoredu), establece que la entidad veracruzana es una de los estados del pa\u00eds con menor disponibilidad de conexi\u00f3n a internet con prop\u00f3sitos pedag\u00f3gicos, con un 26.7 por ciento de conectividad.<\/p>\n\n\n\n<p>Ante esta situaci\u00f3n, la diputada local, Ver\u00f3nica Pulido Herrera present\u00f3 proyecto de iniciativa de decreto para reformar y adicionar la Ley de Educaci\u00f3n del estado de Veracruz para obligar a las autoridades estatales y federales a proveer de infraestructura tecnol\u00f3gica de conectividad a 23 mil escuelas del Sistema Educativo Estatal.<\/p>\n\n\n\n<p>En su propuesta, la legisladora del Partido Acci\u00f3n Nacional expuso que las escuelas de educaci\u00f3n especial deben contar con servicio de internet y hacerle frente a los desaf\u00edos personales y mundiales para enriquecer la educaci\u00f3n.<\/p>\n\n\n\n<p>En su exposici\u00f3n en el pleno del Congreso Local, lament\u00f3 que Veracruz sea una de las entidades con menor disponibilidad de conexi\u00f3n a internet con prop\u00f3sitos pedag\u00f3gicos.<\/p>\n\n\n\n<p>Pulido Herrera planteo la importancia que tiene el uso de las tecnolog\u00edas de la informaci\u00f3n en los procesos de aprendizaje y participaci\u00f3n de las personas con discapacidad y por lo tanto el internet permite a las maestras y maestros de educaci\u00f3n especial crear contenido educativo y adaptado.<\/p>\n\n\n\n<p>Ver\u00f3nica Pulido tambi\u00e9n expuso que para lograr una educaci\u00f3n inclusiva es necesario erradicar el estereotipo de que las personas con discapacidad no aprenden y deben mantenerlas relegadas de las herramientas digitales.<\/p>\n\n\n\n<p>La diputada, Pulido Herrera lament\u00f3 que de acuerdo a informes de la misma Secretar\u00eda de Educaci\u00f3n P\u00fablica, para el ciclo escolar 2021-2022, 127 mil escuelas de educaci\u00f3n b\u00e1sica y media superior no tuvieron computadoras y 168 mil 163 sin acceso a internet.<\/p>\n","protected":false},"excerpt":{"rendered":"<p>Alejandro \u00c1vila Veracruz, Ver.- De acuerdo al reporte de los Indicadores Nacionales de la Mejora Continua de la Educaci\u00f3n en M\u00e9xico (Mejoredu), establece que la entidad veracruzana es una de los estados del pa\u00eds con menor disponibilidad de conexi\u00f3n a internet con prop\u00f3sitos pedag\u00f3gicos, con un 26.7 por ciento de conectividad. Ante esta situaci\u00f3n, la [&hellip;]<\/p>\n","protected":false},"author":2476,"featured_media":56715,"comment_status":"open","ping_status":"open","sticky":false,"template":"","format":"standard","meta":{"_jetpack_memberships_contains_paid_content":false,"footnotes":""},"categories":[2],"tags":[],"class_list":["post-56714","post","type-post","status-publish","format-standard","has-post-thumbnail","hentry","category-estado"],"jetpack_featured_media_url":"https:\/\/encuentroinformativo.com.mx\/wp-content\/uploads\/2024\/07\/IMG-20240717-WA0028.jpg","jetpack_sharing_enabled":true,"jetpack_likes_enabled":true,"amp_enabled":true,"_links":{"self":[{"href":"https:\/\/encuentroinformativo.com.mx\/index.php?rest_route=\/wp\/v2\/posts\/56714","targetHints":{"allow":["GET"]}}],"collection":[{"href":"https:\/\/encuentroinformativo.com.mx\/index.php?rest_route=\/wp\/v2\/posts"}],"about":[{"href":"https:\/\/encuentroinformativo.com.mx\/index.php?rest_route=\/wp\/v2\/types\/post"}],"author":[{"embeddable":true,"href":"https:\/\/encuentroinformativo.com.mx\/index.php?rest_route=\/wp\/v2\/users\/2476"}],"replies":[{"embeddable":true,"href":"https:\/\/encuentroinformativo.com.mx\/index.php?rest_route=%2Fwp%2Fv2%2Fcomments&post=56714"}],"version-history":[{"count":1,"href":"https:\/\/encuentroinformativo.com.mx\/index.php?rest_route=\/wp\/v2\/posts\/56714\/revisions"}],"predecessor-version":[{"id":56716,"href":"https:\/\/encuentroinformativo.com.mx\/index.php?rest_route=\/wp\/v2\/posts\/56714\/revisions\/56716"}],"wp:featuredmedia":[{"embeddable":true,"href":"https:\/\/encuentroinformativo.com.mx\/index.php?rest_route=\/wp\/v2\/media\/56715"}],"wp:attachment":[{"href":"https:\/\/encuentroinformativo.com.mx\/index.php?rest_route=%2Fwp%2Fv2%2Fmedia&parent=56714"}],"wp:term":[{"taxonomy":"category","embeddable":true,"href":"https:\/\/encuentroinformativo.com.mx\/index.php?rest_route=%2Fwp%2Fv2%2Fcategories&post=56714"},{"taxonomy":"post_tag","embeddable":true,"href":"https:\/\/encuentroinformativo.com.mx\/index.php?rest_route=%2Fwp%2Fv2%2Ftags&post=56714"}],"curies":[{"name":"wp","href":"https:\/\/api.w.org\/{rel}","templated":true}]}}