{"id":56720,"date":"2024-07-17T13:08:09","date_gmt":"2024-07-17T19:08:09","guid":{"rendered":"https:\/\/encuentroinformativo.com.mx\/?p=56720"},"modified":"2024-07-17T13:08:17","modified_gmt":"2024-07-17T19:08:17","slug":"amplian-alumbrado-led-en-tlalixcoyan","status":"publish","type":"post","link":"https:\/\/encuentroinformativo.com.mx\/?p=56720","title":{"rendered":"Ampl\u00edan alumbrado LED en Tlalixcoyan"},"content":{"rendered":"\n<p><strong>Alejandro \u00c1vila<\/strong><\/p>\n\n\n\n<p>Tlalixcoyan, Ver.- Como parte del proyecto de prevenci\u00f3n del delito y reactivaci\u00f3n econ\u00f3mica, el programa de rehabilitaci\u00f3n de alumbrado p\u00fablico a Tecnolog\u00eda LED, contin\u00faa en el municipio de Tlalixcoyan.<\/p>\n\n\n\n<p>La alcaldesa, Elvia Illescas Loyo, entreg\u00f3 la obra de rehabilitaci\u00f3n del alumbrado en la avenida Benjam\u00edn Hidalgo en la congraci\u00f3n de Piedras Negras, lo cual, seguir\u00e1 brindando mayor seguridad y plusval\u00eda a la zona con l\u00e1mparas LED de \u00faltima generaci\u00f3n; tal como ya se hizo en San Antonio, Palma Sola, la cabecera municipal de Tlalixcoyan<\/p>\n\n\n\n<p>&#8220;Les quiero decir que este proyecto de iluminar las calles es algo que ya viene desde el a\u00f1o pasado, porque si recordamos, iluminamos, cambiamos o rehabilitamos el alumbrado de Paso Carretas y en este caso, la zona centro de Piedras Negras. Esto se realiza porque estamos conscientes que se tienen que hacer las cosas mejor y, sobre todo, \u00fatiles para la ciudadan\u00eda. En lo personal, creo que mejorar el alumbrado p\u00fablico es bueno para las diferentes localidades, una buena iluminaci\u00f3n mejora la visibilidad de la noche, ayuda a prevenir accidentes vehiculares y peatonales, adem\u00e1s, cuando hay m\u00e1s iluminaci\u00f3n hay menos delitos, el alumbrado p\u00fablico tambi\u00e9n ayuda a mejorar nuestra econom\u00eda, al iluminar nuestras calles y espacios p\u00fablicos facilitamos las actividades comerciales y sociales durante la tarde noche&#8221;, enfatiz\u00f3.<\/p>\n\n\n\n<p>Este proyecto que se comprometi\u00f3 a realizar durante su administraci\u00f3n, adem\u00e1s de ser noble con el medio ambiente, reduce los costos de pago por energ\u00eda el\u00e9ctrica para el municipio.<\/p>\n\n\n\n<p>&#8220;Si lo vemos en lo administrativo, invertir en alumbrado p\u00fablico de alta tecnolog\u00eda y de calidad, reduce el costo de la luz, y con esos ahorros podemos hacer m\u00e1s obras en beneficio de toda la ciudadan\u00eda. Tambi\u00e9n cuidamos el medio ambiente, porque consumimos menos energ\u00eda y bajamos las emisiones de carbono&#8221;, culmin\u00f3.<\/p>\n","protected":false},"excerpt":{"rendered":"<p>Alejandro \u00c1vila Tlalixcoyan, Ver.- Como parte del proyecto de prevenci\u00f3n del delito y reactivaci\u00f3n econ\u00f3mica, el programa de rehabilitaci\u00f3n de alumbrado p\u00fablico a Tecnolog\u00eda LED, contin\u00faa en el municipio de Tlalixcoyan. La alcaldesa, Elvia Illescas Loyo, entreg\u00f3 la obra de rehabilitaci\u00f3n del alumbrado en la avenida Benjam\u00edn Hidalgo en la congraci\u00f3n de Piedras Negras, lo [&hellip;]<\/p>\n","protected":false},"author":2476,"featured_media":56721,"comment_status":"open","ping_status":"open","sticky":false,"template":"","format":"standard","meta":{"_jetpack_memberships_contains_paid_content":false,"footnotes":""},"categories":[2],"tags":[],"class_list":["post-56720","post","type-post","status-publish","format-standard","has-post-thumbnail","hentry","category-estado"],"jetpack_featured_media_url":"https:\/\/encuentroinformativo.com.mx\/wp-content\/uploads\/2024\/07\/IMG-20240717-WA0030.jpg","jetpack_sharing_enabled":true,"jetpack_likes_enabled":true,"amp_enabled":true,"_links":{"self":[{"href":"https:\/\/encuentroinformativo.com.mx\/index.php?rest_route=\/wp\/v2\/posts\/56720","targetHints":{"allow":["GET"]}}],"collection":[{"href":"https:\/\/encuentroinformativo.com.mx\/index.php?rest_route=\/wp\/v2\/posts"}],"about":[{"href":"https:\/\/encuentroinformativo.com.mx\/index.php?rest_route=\/wp\/v2\/types\/post"}],"author":[{"embeddable":true,"href":"https:\/\/encuentroinformativo.com.mx\/index.php?rest_route=\/wp\/v2\/users\/2476"}],"replies":[{"embeddable":true,"href":"https:\/\/encuentroinformativo.com.mx\/index.php?rest_route=%2Fwp%2Fv2%2Fcomments&post=56720"}],"version-history":[{"count":1,"href":"https:\/\/encuentroinformativo.com.mx\/index.php?rest_route=\/wp\/v2\/posts\/56720\/revisions"}],"predecessor-version":[{"id":56722,"href":"https:\/\/encuentroinformativo.com.mx\/index.php?rest_route=\/wp\/v2\/posts\/56720\/revisions\/56722"}],"wp:featuredmedia":[{"embeddable":true,"href":"https:\/\/encuentroinformativo.com.mx\/index.php?rest_route=\/wp\/v2\/media\/56721"}],"wp:attachment":[{"href":"https:\/\/encuentroinformativo.com.mx\/index.php?rest_route=%2Fwp%2Fv2%2Fmedia&parent=56720"}],"wp:term":[{"taxonomy":"category","embeddable":true,"href":"https:\/\/encuentroinformativo.com.mx\/index.php?rest_route=%2Fwp%2Fv2%2Fcategories&post=56720"},{"taxonomy":"post_tag","embeddable":true,"href":"https:\/\/encuentroinformativo.com.mx\/index.php?rest_route=%2Fwp%2Fv2%2Ftags&post=56720"}],"curies":[{"name":"wp","href":"https:\/\/api.w.org\/{rel}","templated":true}]}}