{"id":56723,"date":"2024-07-17T13:12:08","date_gmt":"2024-07-17T19:12:08","guid":{"rendered":"https:\/\/encuentroinformativo.com.mx\/?p=56723"},"modified":"2024-07-17T13:13:28","modified_gmt":"2024-07-17T19:13:28","slug":"nueve-lesionados-dejo-choque-de-autobuses-en-alvarado","status":"publish","type":"post","link":"https:\/\/encuentroinformativo.com.mx\/?p=56723","title":{"rendered":"Nueve lesionados dej\u00f3 choque de autobuses en Alvarado"},"content":{"rendered":"\n<p><strong>Alejandro \u00c1vila<\/strong><\/p>\n\n\n\n<p>Alvarado, Ver.- El reporte oficial del choque entre dos unidades de pasaje que se suscit\u00f3 la noche de este martes en la carretera federal 180 a la altura de la localidad de Salinas en el municipio de Alvarado dej\u00f3 como saldo 9 personas lesionadas.<\/p>\n\n\n\n<p>Al sitio acudieron las unidades de emergencias U-06 y U-10 las cuales atendieron el reporte debimpacto por alcance de dos autobuses de pasajeros de l\u00edneas Sotavento y los Tuxtla.<\/p>\n\n\n\n<p>Entre los trasladados a la cabecera municipal de Alvarado para valoraci\u00f3n profunda, se encuentran Isael Chontal Abrajan de 41 a\u00f1os, originario de Catemaco y conductor de l\u00ednea Sotavento, el cual presentaba traumatismo craneoencef\u00e1lico y m\u00faltiples laceraciones con dolor abdominal.<\/p>\n\n\n\n<p>Denia Andrade Romero de 42 a\u00f1os de edad, originaria de Veracruz, con golpe en torax del lado derecho, abrasi\u00f3n en el hombro y dedos del mismo lado; as\u00ed como Miguel Angel Josue Carballo Medina de 31 a\u00f1os, originario de Lerdo de Tejada, con fractura en mano derecha.<\/p>\n\n\n\n<p>En el lugar de los hechos se atendieron otras lesiones como abrasiones en extremidades superiores, m\u00faltiples laceraciones, crisis nerviosa, hipertensi\u00f3n, y se realiza las curaciones pertinentes quedando los afectados en el lugar, y trasladandose a sus hogares por sus propios medios.<\/p>\n\n\n\n<p>Finalmente, qued\u00f3 como primer respondi\u00e9nte y encargado de la vialidad la Unidad FC &#8211; 2098 de Fuerza Civil al mando de Lorenzo Jim\u00e9nez M\u00e9ndez, adem\u00e1s de la Unidad Estatal SP &#8211; 3401, al mando de Oscar Ad\u00e1n Mendoza Ranguel; los responsables de realizar maniobras para liberar la vialidad de los veh\u00edculos impactados, fue Evencio Garc\u00eda de la compa\u00f1\u00eda Gr\u00faas y Maniobras de M\u00e9xico.<\/p>\n","protected":false},"excerpt":{"rendered":"<p>Alejandro \u00c1vila Alvarado, Ver.- El reporte oficial del choque entre dos unidades de pasaje que se suscit\u00f3 la noche de este martes en la carretera federal 180 a la altura de la localidad de Salinas en el municipio de Alvarado dej\u00f3 como saldo 9 personas lesionadas. Al sitio acudieron las unidades de emergencias U-06 y [&hellip;]<\/p>\n","protected":false},"author":2476,"featured_media":56725,"comment_status":"open","ping_status":"open","sticky":false,"template":"","format":"standard","meta":{"_jetpack_memberships_contains_paid_content":false,"footnotes":""},"categories":[2,3],"tags":[],"class_list":["post-56723","post","type-post","status-publish","format-standard","has-post-thumbnail","hentry","category-estado","category-xalapa"],"jetpack_featured_media_url":"https:\/\/encuentroinformativo.com.mx\/wp-content\/uploads\/2024\/07\/IMG-20240716-WA01041.jpg","jetpack_sharing_enabled":true,"jetpack_likes_enabled":true,"amp_enabled":true,"_links":{"self":[{"href":"https:\/\/encuentroinformativo.com.mx\/index.php?rest_route=\/wp\/v2\/posts\/56723","targetHints":{"allow":["GET"]}}],"collection":[{"href":"https:\/\/encuentroinformativo.com.mx\/index.php?rest_route=\/wp\/v2\/posts"}],"about":[{"href":"https:\/\/encuentroinformativo.com.mx\/index.php?rest_route=\/wp\/v2\/types\/post"}],"author":[{"embeddable":true,"href":"https:\/\/encuentroinformativo.com.mx\/index.php?rest_route=\/wp\/v2\/users\/2476"}],"replies":[{"embeddable":true,"href":"https:\/\/encuentroinformativo.com.mx\/index.php?rest_route=%2Fwp%2Fv2%2Fcomments&post=56723"}],"version-history":[{"count":1,"href":"https:\/\/encuentroinformativo.com.mx\/index.php?rest_route=\/wp\/v2\/posts\/56723\/revisions"}],"predecessor-version":[{"id":56724,"href":"https:\/\/encuentroinformativo.com.mx\/index.php?rest_route=\/wp\/v2\/posts\/56723\/revisions\/56724"}],"wp:featuredmedia":[{"embeddable":true,"href":"https:\/\/encuentroinformativo.com.mx\/index.php?rest_route=\/wp\/v2\/media\/56725"}],"wp:attachment":[{"href":"https:\/\/encuentroinformativo.com.mx\/index.php?rest_route=%2Fwp%2Fv2%2Fmedia&parent=56723"}],"wp:term":[{"taxonomy":"category","embeddable":true,"href":"https:\/\/encuentroinformativo.com.mx\/index.php?rest_route=%2Fwp%2Fv2%2Fcategories&post=56723"},{"taxonomy":"post_tag","embeddable":true,"href":"https:\/\/encuentroinformativo.com.mx\/index.php?rest_route=%2Fwp%2Fv2%2Ftags&post=56723"}],"curies":[{"name":"wp","href":"https:\/\/api.w.org\/{rel}","templated":true}]}}