{"id":56726,"date":"2024-07-17T13:18:40","date_gmt":"2024-07-17T19:18:40","guid":{"rendered":"https:\/\/encuentroinformativo.com.mx\/?p=56726"},"modified":"2024-07-17T13:18:49","modified_gmt":"2024-07-17T19:18:49","slug":"invitan-a-festival-folklorico-internacional-inspirarte","status":"publish","type":"post","link":"https:\/\/encuentroinformativo.com.mx\/?p=56726","title":{"rendered":"Invitan a Festival Folkl\u00f3rico Internacional \u201cInspirarte\u201d"},"content":{"rendered":"\n<p><strong>Dar\u00edo Pale <\/strong><\/p>\n\n\n\n<p>Xalapa, Ver.- Dan a conocer la realizaci\u00f3n del 11\u00ba Festival Folkl\u00f3rico Internacional \u201cInspirarte\u201d, el cual se llevar\u00e1 a cabo del 18 al 23 de julio en donde se tendr\u00e1 la participaci\u00f3n de alrededor de 300 artistas provenientes de pa\u00edses como Colombia, Chile, Costa Riza, Puerto Rico, Argentina, Bolivia, Armenia y M\u00e9xico.<\/p>\n\n\n\n<p>En \u00a0conferencia de prensa, los organizadores se\u00f1alaron que el evento tendr\u00e1 como sedes Xalapa, Xico, Coatepec, Ayahualulco y el Puerto de Veracruz.<\/p>\n\n\n\n<p>Rafael Su\u00e1rez, de la direcci\u00f3n de Cultura, indic\u00f3 que la inauguraci\u00f3n del festival se llevar\u00e1 a cabo el d\u00eda de ma\u00f1ana en el Palacio Municipal de Xalapa a las 18:00 horas, la entrada es libre.<\/p>\n\n\n\n<p>Asimismo, precis\u00f3 que el ballet folkl\u00f3rico Veracruz de la Escuela Industrial ser\u00e1 quien reciba a los extranjeros con una muestra de lo que se baila en el pa\u00eds.<\/p>\n\n\n\n<p>El 21 de julio dijo que saldr\u00e1 un pasacalles del Centro Recreativo a las 11:30 horas con ruta a Palacio Municipal, en donde el traslado ser\u00e1 bailando con m\u00fasica y posterior inicia el marat\u00f3n de todos los pa\u00edses.<\/p>\n\n\n\n<p>Por su parte, el director de Desarrollo Econ\u00f3mico y Turismo de Xico, Javier Izaguirre, precis\u00f3 que el 19 de julio este ballet internacional estar\u00e1 desfilando a las 12 del d\u00eda de la Casa de la Cultura.<\/p>\n","protected":false},"excerpt":{"rendered":"<p>Dar\u00edo Pale Xalapa, Ver.- Dan a conocer la realizaci\u00f3n del 11\u00ba Festival Folkl\u00f3rico Internacional \u201cInspirarte\u201d, el cual se llevar\u00e1 a cabo del 18 al 23 de julio en donde se tendr\u00e1 la participaci\u00f3n de alrededor de 300 artistas provenientes de pa\u00edses como Colombia, Chile, Costa Riza, Puerto Rico, Argentina, Bolivia, Armenia y M\u00e9xico. En \u00a0conferencia [&hellip;]<\/p>\n","protected":false},"author":2476,"featured_media":56727,"comment_status":"open","ping_status":"open","sticky":false,"template":"","format":"standard","meta":{"_jetpack_memberships_contains_paid_content":false,"footnotes":""},"categories":[3],"tags":[],"class_list":["post-56726","post","type-post","status-publish","format-standard","has-post-thumbnail","hentry","category-xalapa"],"jetpack_featured_media_url":"https:\/\/encuentroinformativo.com.mx\/wp-content\/uploads\/2024\/07\/IMG-20240717-WA0038.jpg","jetpack_sharing_enabled":true,"jetpack_likes_enabled":true,"amp_enabled":true,"_links":{"self":[{"href":"https:\/\/encuentroinformativo.com.mx\/index.php?rest_route=\/wp\/v2\/posts\/56726","targetHints":{"allow":["GET"]}}],"collection":[{"href":"https:\/\/encuentroinformativo.com.mx\/index.php?rest_route=\/wp\/v2\/posts"}],"about":[{"href":"https:\/\/encuentroinformativo.com.mx\/index.php?rest_route=\/wp\/v2\/types\/post"}],"author":[{"embeddable":true,"href":"https:\/\/encuentroinformativo.com.mx\/index.php?rest_route=\/wp\/v2\/users\/2476"}],"replies":[{"embeddable":true,"href":"https:\/\/encuentroinformativo.com.mx\/index.php?rest_route=%2Fwp%2Fv2%2Fcomments&post=56726"}],"version-history":[{"count":1,"href":"https:\/\/encuentroinformativo.com.mx\/index.php?rest_route=\/wp\/v2\/posts\/56726\/revisions"}],"predecessor-version":[{"id":56728,"href":"https:\/\/encuentroinformativo.com.mx\/index.php?rest_route=\/wp\/v2\/posts\/56726\/revisions\/56728"}],"wp:featuredmedia":[{"embeddable":true,"href":"https:\/\/encuentroinformativo.com.mx\/index.php?rest_route=\/wp\/v2\/media\/56727"}],"wp:attachment":[{"href":"https:\/\/encuentroinformativo.com.mx\/index.php?rest_route=%2Fwp%2Fv2%2Fmedia&parent=56726"}],"wp:term":[{"taxonomy":"category","embeddable":true,"href":"https:\/\/encuentroinformativo.com.mx\/index.php?rest_route=%2Fwp%2Fv2%2Fcategories&post=56726"},{"taxonomy":"post_tag","embeddable":true,"href":"https:\/\/encuentroinformativo.com.mx\/index.php?rest_route=%2Fwp%2Fv2%2Ftags&post=56726"}],"curies":[{"name":"wp","href":"https:\/\/api.w.org\/{rel}","templated":true}]}}