{"id":5673,"date":"2020-09-09T13:05:25","date_gmt":"2020-09-09T18:05:25","guid":{"rendered":"https:\/\/encuentroinformativo.com.mx\/?p=5673"},"modified":"2020-09-11T02:14:01","modified_gmt":"2020-09-11T07:14:01","slug":"desconoce-oficial-mayor-casos-de-amenazas-por-cambios-de-adscripcion","status":"publish","type":"post","link":"https:\/\/encuentroinformativo.com.mx\/?p=5673","title":{"rendered":"Desconoce Oficial Mayor casos de amenazas por cambios de adscripci\u00f3n"},"content":{"rendered":"<p>Dar\u00edo Pale<\/p>\n<p>Xalapa, Ver.-\u00a0Hasta el momento no se han presentado denuncias sobre amenazas a maestros para que acepten los cambios de adscripci\u00f3n, as\u00ed lo asegur\u00f3 la Oficial Mayor de la Secretar\u00eda de Educaci\u00f3n de Veracruz, Ariadna Selene Aguilar Amaya.<\/p>\n<p>Entrevistada previo a una reuni\u00f3n en palacio de gobierno dio a conocer que, \u201cnosotros le hemos pedido a los maestros que se acerquen para que puedan indicarnos quien es la persona que los amenaz\u00f3 hasta el momento no habido ning\u00fan maestro que se haya quejado\u201d.<\/p>\n<p>Se\u00f1al\u00f3 que los maestros de nuevo ingreso no tienen los mismos derechos de aquellos que tiene mayor antig\u00fcedad quienes han generado ciertos derechos conforme tiene pasan los a\u00f1os.<\/p>\n<p>Aguilar Amaya expreso que est\u00e1n siendo mal informado los maestros a lo que pidi\u00f3 que revisen su carta de presentaci\u00f3n adem\u00e1s de que se les dice cuando llegan y se les otorga una plaza.<\/p>\n<p>\u201cLos maestros de nuevo ingreso generalmente tienen un lugar fijo despu\u00e9s de dos a\u00f1os, as\u00ed viene en la ley y as\u00ed est\u00e1 establecido, seguramente va haber un momento en el primer ciclo escolar que estuvieron en la secretar\u00eda trabando como docentes y posteriormente tendr\u00e1 una lugar fijo, para despu\u00e9s de moverse\u201d, finaliz\u00f3.<\/p>\n","protected":false},"excerpt":{"rendered":"<p>Dar\u00edo Pale Xalapa, Ver.-\u00a0Hasta el momento no se han presentado denuncias sobre amenazas a maestros para que acepten los cambios de adscripci\u00f3n, as\u00ed lo asegur\u00f3 la Oficial Mayor de la Secretar\u00eda de Educaci\u00f3n de Veracruz, Ariadna Selene Aguilar Amaya. Entrevistada previo a una reuni\u00f3n en palacio de gobierno dio a conocer que, \u201cnosotros le hemos [&hellip;]<\/p>\n","protected":false},"author":1,"featured_media":5674,"comment_status":"open","ping_status":"open","sticky":false,"template":"","format":"standard","meta":{"_jetpack_memberships_contains_paid_content":false,"footnotes":""},"categories":[2],"tags":[],"class_list":["post-5673","post","type-post","status-publish","format-standard","has-post-thumbnail","hentry","category-estado"],"jetpack_featured_media_url":"https:\/\/encuentroinformativo.com.mx\/wp-content\/uploads\/2020\/09\/496871E1-7374-4571-A7B5-9DD163181503.jpeg","jetpack_sharing_enabled":true,"jetpack_likes_enabled":true,"amp_enabled":true,"_links":{"self":[{"href":"https:\/\/encuentroinformativo.com.mx\/index.php?rest_route=\/wp\/v2\/posts\/5673","targetHints":{"allow":["GET"]}}],"collection":[{"href":"https:\/\/encuentroinformativo.com.mx\/index.php?rest_route=\/wp\/v2\/posts"}],"about":[{"href":"https:\/\/encuentroinformativo.com.mx\/index.php?rest_route=\/wp\/v2\/types\/post"}],"author":[{"embeddable":true,"href":"https:\/\/encuentroinformativo.com.mx\/index.php?rest_route=\/wp\/v2\/users\/1"}],"replies":[{"embeddable":true,"href":"https:\/\/encuentroinformativo.com.mx\/index.php?rest_route=%2Fwp%2Fv2%2Fcomments&post=5673"}],"version-history":[{"count":2,"href":"https:\/\/encuentroinformativo.com.mx\/index.php?rest_route=\/wp\/v2\/posts\/5673\/revisions"}],"predecessor-version":[{"id":5746,"href":"https:\/\/encuentroinformativo.com.mx\/index.php?rest_route=\/wp\/v2\/posts\/5673\/revisions\/5746"}],"wp:featuredmedia":[{"embeddable":true,"href":"https:\/\/encuentroinformativo.com.mx\/index.php?rest_route=\/wp\/v2\/media\/5674"}],"wp:attachment":[{"href":"https:\/\/encuentroinformativo.com.mx\/index.php?rest_route=%2Fwp%2Fv2%2Fmedia&parent=5673"}],"wp:term":[{"taxonomy":"category","embeddable":true,"href":"https:\/\/encuentroinformativo.com.mx\/index.php?rest_route=%2Fwp%2Fv2%2Fcategories&post=5673"},{"taxonomy":"post_tag","embeddable":true,"href":"https:\/\/encuentroinformativo.com.mx\/index.php?rest_route=%2Fwp%2Fv2%2Ftags&post=5673"}],"curies":[{"name":"wp","href":"https:\/\/api.w.org\/{rel}","templated":true}]}}