{"id":56734,"date":"2024-07-17T14:59:49","date_gmt":"2024-07-17T20:59:49","guid":{"rendered":"https:\/\/encuentroinformativo.com.mx\/?p=56734"},"modified":"2024-07-17T14:59:58","modified_gmt":"2024-07-17T20:59:58","slug":"maiz-y-cana-de-azucar-cultivos-afectados-por-sequia-sedarpa","status":"publish","type":"post","link":"https:\/\/encuentroinformativo.com.mx\/?p=56734","title":{"rendered":"Ma\u00edz y ca\u00f1a de az\u00facar, cultivos afectados por sequ\u00eda: SEDARPA"},"content":{"rendered":"\n<p><strong>Dar\u00edo Pale <\/strong><\/p>\n\n\n\n<p>Xalapa, Ver.- El director general de Agricultura y Fitosanitaria de la Secretar\u00eda de Desarrollo Agropecuario, Rural y Pesca (SEDARPA) del Estado, Arturo del \u00c1ngel Hern\u00e1ndez, dio a conocer que la zona norte de Veracruz es la m\u00e1s afectada por los efectos de la sequ\u00eda de este a\u00f1o, y los cultivos mayormente afectados son c\u00edtricos, ma\u00edz y ca\u00f1a de az\u00facar.<\/p>\n\n\n\n<p>En conferencia de prensa dijo que hay 10 municipios de la cuenca del r\u00edo Tuxpan y P\u00e1nuco con alg\u00fan tipo de afectaci\u00f3n, entre estos: Tihuatl\u00e1n, \u00c1lamo, Castillo de Teayo, Ixhuatl\u00e1n de Madero, Papantla, P\u00e1nuco, Ozuluama, Chicontepec y Cazones de Herrera.<\/p>\n\n\n\n<p>Ser\u00e1 a finales de este mes cuando la SEDARPA conozca la cifra de hect\u00e1reas afectadas, pero ya todos los municipios han hecho un reporte de afectaci\u00f3n para que se activen los seguros agr\u00edcolas, asegur\u00f3.\u00a0<\/p>\n\n\n\n<p>El funcionario destac\u00f3 que con la temporada de lluvias algunos cultivos pudieron salvarse, por lo que las cifras de p\u00e9rdidas se est\u00e1n actualizando y se realizan los dict\u00e1menes para que los productores reciban apoyos.<\/p>\n\n\n\n<p>Finalmente coment\u00f3 que, \u201ca finales de este mes se podr\u00eda tener una estimaci\u00f3n de las aseguradoras. Dependemos de la labor que est\u00e1n realizando\u201d.<\/p>\n","protected":false},"excerpt":{"rendered":"<p>Dar\u00edo Pale Xalapa, Ver.- El director general de Agricultura y Fitosanitaria de la Secretar\u00eda de Desarrollo Agropecuario, Rural y Pesca (SEDARPA) del Estado, Arturo del \u00c1ngel Hern\u00e1ndez, dio a conocer que la zona norte de Veracruz es la m\u00e1s afectada por los efectos de la sequ\u00eda de este a\u00f1o, y los cultivos mayormente afectados son [&hellip;]<\/p>\n","protected":false},"author":2476,"featured_media":17759,"comment_status":"open","ping_status":"open","sticky":false,"template":"","format":"standard","meta":{"_jetpack_memberships_contains_paid_content":false,"footnotes":""},"categories":[2],"tags":[],"class_list":["post-56734","post","type-post","status-publish","format-standard","has-post-thumbnail","hentry","category-estado"],"jetpack_featured_media_url":"https:\/\/encuentroinformativo.com.mx\/wp-content\/uploads\/2021\/08\/03A2E49D-A8FD-4BE8-AB91-AAF57DBFCBFF.jpeg","jetpack_sharing_enabled":true,"jetpack_likes_enabled":true,"amp_enabled":true,"_links":{"self":[{"href":"https:\/\/encuentroinformativo.com.mx\/index.php?rest_route=\/wp\/v2\/posts\/56734","targetHints":{"allow":["GET"]}}],"collection":[{"href":"https:\/\/encuentroinformativo.com.mx\/index.php?rest_route=\/wp\/v2\/posts"}],"about":[{"href":"https:\/\/encuentroinformativo.com.mx\/index.php?rest_route=\/wp\/v2\/types\/post"}],"author":[{"embeddable":true,"href":"https:\/\/encuentroinformativo.com.mx\/index.php?rest_route=\/wp\/v2\/users\/2476"}],"replies":[{"embeddable":true,"href":"https:\/\/encuentroinformativo.com.mx\/index.php?rest_route=%2Fwp%2Fv2%2Fcomments&post=56734"}],"version-history":[{"count":1,"href":"https:\/\/encuentroinformativo.com.mx\/index.php?rest_route=\/wp\/v2\/posts\/56734\/revisions"}],"predecessor-version":[{"id":56735,"href":"https:\/\/encuentroinformativo.com.mx\/index.php?rest_route=\/wp\/v2\/posts\/56734\/revisions\/56735"}],"wp:featuredmedia":[{"embeddable":true,"href":"https:\/\/encuentroinformativo.com.mx\/index.php?rest_route=\/wp\/v2\/media\/17759"}],"wp:attachment":[{"href":"https:\/\/encuentroinformativo.com.mx\/index.php?rest_route=%2Fwp%2Fv2%2Fmedia&parent=56734"}],"wp:term":[{"taxonomy":"category","embeddable":true,"href":"https:\/\/encuentroinformativo.com.mx\/index.php?rest_route=%2Fwp%2Fv2%2Fcategories&post=56734"},{"taxonomy":"post_tag","embeddable":true,"href":"https:\/\/encuentroinformativo.com.mx\/index.php?rest_route=%2Fwp%2Fv2%2Ftags&post=56734"}],"curies":[{"name":"wp","href":"https:\/\/api.w.org\/{rel}","templated":true}]}}