{"id":56744,"date":"2024-07-18T12:45:41","date_gmt":"2024-07-18T18:45:41","guid":{"rendered":"https:\/\/encuentroinformativo.com.mx\/?p=56744"},"modified":"2024-07-18T12:45:50","modified_gmt":"2024-07-18T18:45:50","slug":"proximo-28-de-julio-iniciara-jornada-de-reforestacion-masiva","status":"publish","type":"post","link":"https:\/\/encuentroinformativo.com.mx\/?p=56744","title":{"rendered":"Pr\u00f3ximo 28 de julio, Iniciar\u00e1 jornada de reforestaci\u00f3n masiva"},"content":{"rendered":"\n<p><strong>Dar\u00edo Pale <\/strong><\/p>\n\n\n\n<p>Xalapa, Ver.- El titular de la Secretar\u00eda de Medio Ambiente (SEDEMA), Juan Carlos Contreras Bautista dio a conocer que a partir de este 28 de julio, comenzar\u00e1 una jornada masiva de reforestaci\u00f3n en distintos municipios del Estado, a trav\u00e9s de drones y a plantaciones en sitio.<\/p>\n\n\n\n<p>En conferencia de prensa, expuso que la dispersi\u00f3n de semillas a trav\u00e9s de drones ser\u00e1 por millones y \u00e9sta se llevar\u00e1 a cabo en los municipios de Las Vigas y Nogales, zonas donde mayormente afectaron los incendios forestales en semanas pasadas.<\/p>\n\n\n\n<p>Puntualiz\u00f3 que fueron cinco Institutos Tecnol\u00f3gicos se encargaron de la construcci\u00f3n de 18 drones, as\u00ed como de la recolecci\u00f3n de semillas de varios tipos para lograr una restauraci\u00f3n.<\/p>\n\n\n\n<p>De esos, 16 drones se usar\u00e1n para la dispersi\u00f3n de las semillas y dos para el monitoreo de la dispersi\u00f3n.<\/p>\n\n\n\n<p>Asever\u00f3 que la inversi\u00f3n del gobierno de Veracruz para cada Instituto Tecnol\u00f3gico fue de 250 mil pesos, por lo que en total, la administraci\u00f3n entreg\u00f3 cerca de 2.5 millones de pesos.<\/p>\n\n\n\n<p>Aunado a ello, se har\u00e1 una jornada masiva de plantaci\u00f3n manual el 28 de julio en 34 municipios del Estado, principalmente en la zona de bosque de niebla y bosque de pino.<\/p>\n\n\n\n<p>El objetivo es plantar m\u00e1s de 800 hect\u00e1reas durante la pr\u00f3xima semana, de esas 75 hect\u00e1reas se plantar\u00e1n el 28 de julio en 34 municipios.<br>Por lo cual, el funcionario llam\u00f3 a los ciudadanos de esos 34 municipios a que se sumen a la plantaci\u00f3n manual.<\/p>\n\n\n\n<p>Mencion\u00f3 que la plantaci\u00f3n se har\u00e1 en Huayacocotla, Acajete, Las Vigas, Las Minas, Tatatila, Tlacolulan, Villa Aldama, Perote, Altotonga, Ayahualulco.<\/p>\n\n\n\n<p>Asimismo, Ixhuac\u00e1n de Los Reyes, Coatepec, Banderilla, Emiliano Zapata, Coacoatzintla, Naolinco, San Andr\u00e9s Tlalnelhuayocan, Miahuatl\u00e1n, Huatusco, Calcahualco, Atoyac, R\u00edo Blanco, Nogales, San Andr\u00e9s Tenejapan, Huiloapan, Rafael Delgado.<\/p>\n\n\n\n<p>Tambi\u00e9n en Tequila, Soledad Atzompa, Ciudad Mendoza, Acultzingo, Maltrata y La Perla.<\/p>\n\n\n\n<p>Finalmente Contreras Bautista destac\u00f3 que la dispersi\u00f3n de semillas ser\u00e1 de especies end\u00e9micas de cada zona, para lo cual los tecnol\u00f3gicos hicieron la recolecci\u00f3n respectiva.<\/p>\n","protected":false},"excerpt":{"rendered":"<p>Dar\u00edo Pale Xalapa, Ver.- El titular de la Secretar\u00eda de Medio Ambiente (SEDEMA), Juan Carlos Contreras Bautista dio a conocer que a partir de este 28 de julio, comenzar\u00e1 una jornada masiva de reforestaci\u00f3n en distintos municipios del Estado, a trav\u00e9s de drones y a plantaciones en sitio. En conferencia de prensa, expuso que la [&hellip;]<\/p>\n","protected":false},"author":2476,"featured_media":56745,"comment_status":"open","ping_status":"open","sticky":false,"template":"","format":"standard","meta":{"_jetpack_memberships_contains_paid_content":false,"footnotes":""},"categories":[2],"tags":[],"class_list":["post-56744","post","type-post","status-publish","format-standard","has-post-thumbnail","hentry","category-estado"],"jetpack_featured_media_url":"https:\/\/encuentroinformativo.com.mx\/wp-content\/uploads\/2024\/07\/IMG-20240718-WA0014.jpg","jetpack_sharing_enabled":true,"jetpack_likes_enabled":true,"amp_enabled":true,"_links":{"self":[{"href":"https:\/\/encuentroinformativo.com.mx\/index.php?rest_route=\/wp\/v2\/posts\/56744","targetHints":{"allow":["GET"]}}],"collection":[{"href":"https:\/\/encuentroinformativo.com.mx\/index.php?rest_route=\/wp\/v2\/posts"}],"about":[{"href":"https:\/\/encuentroinformativo.com.mx\/index.php?rest_route=\/wp\/v2\/types\/post"}],"author":[{"embeddable":true,"href":"https:\/\/encuentroinformativo.com.mx\/index.php?rest_route=\/wp\/v2\/users\/2476"}],"replies":[{"embeddable":true,"href":"https:\/\/encuentroinformativo.com.mx\/index.php?rest_route=%2Fwp%2Fv2%2Fcomments&post=56744"}],"version-history":[{"count":1,"href":"https:\/\/encuentroinformativo.com.mx\/index.php?rest_route=\/wp\/v2\/posts\/56744\/revisions"}],"predecessor-version":[{"id":56746,"href":"https:\/\/encuentroinformativo.com.mx\/index.php?rest_route=\/wp\/v2\/posts\/56744\/revisions\/56746"}],"wp:featuredmedia":[{"embeddable":true,"href":"https:\/\/encuentroinformativo.com.mx\/index.php?rest_route=\/wp\/v2\/media\/56745"}],"wp:attachment":[{"href":"https:\/\/encuentroinformativo.com.mx\/index.php?rest_route=%2Fwp%2Fv2%2Fmedia&parent=56744"}],"wp:term":[{"taxonomy":"category","embeddable":true,"href":"https:\/\/encuentroinformativo.com.mx\/index.php?rest_route=%2Fwp%2Fv2%2Fcategories&post=56744"},{"taxonomy":"post_tag","embeddable":true,"href":"https:\/\/encuentroinformativo.com.mx\/index.php?rest_route=%2Fwp%2Fv2%2Ftags&post=56744"}],"curies":[{"name":"wp","href":"https:\/\/api.w.org\/{rel}","templated":true}]}}