{"id":56747,"date":"2024-07-18T13:53:48","date_gmt":"2024-07-18T19:53:48","guid":{"rendered":"https:\/\/encuentroinformativo.com.mx\/?p=56747"},"modified":"2024-07-18T13:53:57","modified_gmt":"2024-07-18T19:53:57","slug":"en-banderilla-pobladores-reclaman-justicia-por-muerte-de-inocencio","status":"publish","type":"post","link":"https:\/\/encuentroinformativo.com.mx\/?p=56747","title":{"rendered":"En Banderilla, pobladores reclaman justicia por muerte de Inocencio"},"content":{"rendered":"\n<p><strong>Juan Arcos <\/strong><\/p>\n\n\n\n<p>Xalapa, Ver.- Pobladores de Banderilla protestaron y marcharon este jueves para exigir justicia por la muerte de Inocencio V\u00e1zquez Rivas, quien fue golpeado por elementos de la Polic\u00eda Preventiva de dicha demarcaci\u00f3n.<\/p>\n\n\n\n<p>Las personas se concentraron en la zona conocida como \u201cLa Mazorca\u201d y caminaron hacia el Palacio Municipal, para exigir que este caso no quede impune.<\/p>\n\n\n\n<p>\u201c\u00a1Justicia para Chencho!\u201d, fue el grito ciudadano que se escuch\u00f3 en las calles de Banderilla, un municipio conurbado con la ciudad de Xalapa, la capital de Veracruz.<\/p>\n\n\n\n<p>\u201cChencho\u201d, como era conocido en el pueblo, fue detenido por los elementos de seguridad el pasado s\u00e1bado 13 de julio en la zona conocida como \u201cLa Mazorca\u201d, pero en lugar de ser llevado a los separos, fue abandonado, sin ropa, sobre la carretera que va hacia la comunidad La Concepci\u00f3n, municipio de Jilotepec.<\/p>\n\n\n\n<p>Los banderillenses se\u00f1alaron a los polic\u00edas de agredirlo brutalmente solo porque inger\u00eda bebidas alcoh\u00f3licas en la v\u00eda p\u00fablica.<\/p>\n\n\n\n<p>De acuerdo con No\u00e9 M\u00e9ndez, vecino de Banderilla, el pueblo se organiz\u00f3 para levantar la voz en contra del abuso policial cometido contra \u201cChencho\u201d.<\/p>\n\n\n\n<p>\u201cM\u00e1s que nada estamos pidiendo justicia por el se\u00f1or Inocencio, que ahora ya es fallecido. Esta persona la fueron a botar en la localidad del pueblito del municipio de Jilotepec, presuntamente preventivos del ayuntamiento de Banderilla. Bueno, hasta la fecha la autoridad competente, en este caso la autoridad municipal, no ha dado ning\u00fan comunicado oficial acerca de esta situaci\u00f3n. Y bueno, ahorita estamos organizando esta marcha precisamente para eso, para exigir justicia por el se\u00f1or Inocencio, porque \u00e9l ya no est\u00e1, ya no puede pedir justicia de viva voz\u201d, expres\u00f3.<\/p>\n\n\n\n<p>Tambi\u00e9n coment\u00f3 que han sido constantes las agresiones por parte de los elementos de la Polic\u00eda Preventiva y por ello se exige la desaparici\u00f3n de la corporaci\u00f3n.<\/p>\n\n\n\n<p>\u201cHabl\u00e1bamos que lamentablemente no es la primera vez que se tiene como alguna situaci\u00f3n con elementos de la preventiva. No es la primera vez. Ha habido muchos abusos, muchos ciudadanos han externado abusos por parte de la preventiva, de vigilancia municipal, y precisamente es eso lo que queremos, que erradiquen esta corporaci\u00f3n, porque realmente no est\u00e1 regulada por ninguna autoridad, por ninguna ley mexicana\u201d, a\u00f1adi\u00f3.<\/p>\n\n\n\n<p>Inocencio fue sepultado el mi\u00e9rcoles 17 de julio. El pasado domingo fue encontrado desnudo en la carretera hacia Jilotepec. Los pobladores llamaron al n\u00famero de emergencia 911 durante el domingo, por lo que arribaron elementos de la Polic\u00eda Estatal para auxiliar al se\u00f1or, de 40 a\u00f1os.<\/p>\n\n\n\n<p>Llegaron tambi\u00e9n param\u00e9dicos de la Comisi\u00f3n Nacional de Emergencias (CNE) para curarlo y trasladarlo a su casa.<\/p>\n\n\n\n<p>Sin embargo, tras la gravedad de las lesiones, sus familiares y conocidos lo hospitalizaron en el Centro de Alta Especialidad (CAE) \u201cDoctor Rafael Lucio\u201d de la ciudad de Xalapa para recibir la atenci\u00f3n m\u00e9dica necesaria, pero falleci\u00f3 el lunes 15 de julio.<\/p>\n\n\n\n<p>Las personas presentaron una denuncia en la Fiscal\u00eda General del Estado (FGE) para que se realicen las investigaciones y se proceda contra quienes resulten responsables de la muerte de Inocencio.<\/p>\n","protected":false},"excerpt":{"rendered":"<p>Juan Arcos Xalapa, Ver.- Pobladores de Banderilla protestaron y marcharon este jueves para exigir justicia por la muerte de Inocencio V\u00e1zquez Rivas, quien fue golpeado por elementos de la Polic\u00eda Preventiva de dicha demarcaci\u00f3n. Las personas se concentraron en la zona conocida como \u201cLa Mazorca\u201d y caminaron hacia el Palacio Municipal, para exigir que este [&hellip;]<\/p>\n","protected":false},"author":2476,"featured_media":56748,"comment_status":"open","ping_status":"open","sticky":false,"template":"","format":"standard","meta":{"_jetpack_memberships_contains_paid_content":false,"footnotes":""},"categories":[8],"tags":[],"class_list":["post-56747","post","type-post","status-publish","format-standard","has-post-thumbnail","hentry","category-region"],"jetpack_featured_media_url":"https:\/\/encuentroinformativo.com.mx\/wp-content\/uploads\/2024\/07\/755ae0aa-5578-4a79-b81e-1b5a769345f8.jpg","jetpack_sharing_enabled":true,"jetpack_likes_enabled":true,"amp_enabled":true,"_links":{"self":[{"href":"https:\/\/encuentroinformativo.com.mx\/index.php?rest_route=\/wp\/v2\/posts\/56747","targetHints":{"allow":["GET"]}}],"collection":[{"href":"https:\/\/encuentroinformativo.com.mx\/index.php?rest_route=\/wp\/v2\/posts"}],"about":[{"href":"https:\/\/encuentroinformativo.com.mx\/index.php?rest_route=\/wp\/v2\/types\/post"}],"author":[{"embeddable":true,"href":"https:\/\/encuentroinformativo.com.mx\/index.php?rest_route=\/wp\/v2\/users\/2476"}],"replies":[{"embeddable":true,"href":"https:\/\/encuentroinformativo.com.mx\/index.php?rest_route=%2Fwp%2Fv2%2Fcomments&post=56747"}],"version-history":[{"count":1,"href":"https:\/\/encuentroinformativo.com.mx\/index.php?rest_route=\/wp\/v2\/posts\/56747\/revisions"}],"predecessor-version":[{"id":56749,"href":"https:\/\/encuentroinformativo.com.mx\/index.php?rest_route=\/wp\/v2\/posts\/56747\/revisions\/56749"}],"wp:featuredmedia":[{"embeddable":true,"href":"https:\/\/encuentroinformativo.com.mx\/index.php?rest_route=\/wp\/v2\/media\/56748"}],"wp:attachment":[{"href":"https:\/\/encuentroinformativo.com.mx\/index.php?rest_route=%2Fwp%2Fv2%2Fmedia&parent=56747"}],"wp:term":[{"taxonomy":"category","embeddable":true,"href":"https:\/\/encuentroinformativo.com.mx\/index.php?rest_route=%2Fwp%2Fv2%2Fcategories&post=56747"},{"taxonomy":"post_tag","embeddable":true,"href":"https:\/\/encuentroinformativo.com.mx\/index.php?rest_route=%2Fwp%2Fv2%2Ftags&post=56747"}],"curies":[{"name":"wp","href":"https:\/\/api.w.org\/{rel}","templated":true}]}}