{"id":56750,"date":"2024-07-18T14:26:03","date_gmt":"2024-07-18T20:26:03","guid":{"rendered":"https:\/\/encuentroinformativo.com.mx\/?p=56750"},"modified":"2024-07-18T14:26:51","modified_gmt":"2024-07-18T20:26:51","slug":"roban-equipos-de-computo-en-primaria-mexico","status":"publish","type":"post","link":"https:\/\/encuentroinformativo.com.mx\/?p=56750","title":{"rendered":"Roban equipos de c\u00f3mputo en primaria M\u00e9xico"},"content":{"rendered":"\n<p><strong>Dar\u00edo Pale <\/strong><\/p>\n\n\n\n<p>Xalapa, Ver.- En Xalapa los amantes de lo ajeno roban la escuela primaria M\u00e9xico, de la Colonia Huizachal, ubicada en el norte de la capital, se llevan equipo de c\u00f3mputo, esto se registr\u00f3 la madrugada de este jueves.<\/p>\n\n\n\n<p>En entrevista directora del plantel educativo Mireya Fern\u00e1ndez, dio a conocer que la madrugada de este jueves, fue saqueada por desconocidos, se llevaron &nbsp;equipo de c\u00f3mputo, pantallas electr\u00f3nicas, entre otros objetos de valor.<\/p>\n\n\n\n<p>Se percataron del robo al momento de que el personal docente ingreso al plantel a las 08:00 horas para iniciar labores, explic\u00f3 que el robo se cometi\u00f3 aproximadamente entre las 4 y 5 de la madrugada.<\/p>\n\n\n\n<p>Dicha escuela se localiza en la esquina de la calle R\u00edo Amazonas, en donde los ladrones tambi\u00e9n da\u00f1aron chapas de algunos salones, incluida la direcci\u00f3n.<\/p>\n\n\n\n<p>Los amantes de lo ajeno, habr\u00edan saltado una barda del lado de la calle, en donde hay una parte baja en ese lugar, llev\u00e1ndose &nbsp;al menos cuatro computadoras y dos ca\u00f1ones o proyectores, seg\u00fan lo asegur\u00f3 la directora de escuela.<\/p>\n\n\n\n<p>Las clases se suspendieron y la direcci\u00f3n del centro escolar organiz\u00f3 una reuni\u00f3n con padres de familia para establecer acciones a seguir para evitar m\u00e1s robos, ante la cercan\u00eda del periodo de receso escolar.&nbsp;<\/p>\n\n\n\n<p>Hasta el plantel escolar acudieron elementos de la Polic\u00eda Municipal de Xalapa &nbsp;para recabar los primeros informes y poner en marcha un operativo de seguridad en la zona. De igual manera, hicieron &nbsp;acto de presencia elementos de Seguridad P\u00fablica (SSP) tomaron conocimiento de lo sucedido.<\/p>\n\n\n\n<p>Pidieron a la direcci\u00f3n de la escuela a presentar una denuncia ante la Fiscal\u00eda General del Estado (FGE) para que se proceda en contra de quienes resulten responsables.&nbsp;<\/p>\n\n\n\n<p>Por \u00faltimo cabe se\u00f1alar que en dicha escuela asisten un promedio de 300 alumnos del turno matutino, de acuerdo con lo informado.<\/p>\n\n\n\n<figure class=\"wp-block-image size-large\"><img loading=\"lazy\" decoding=\"async\" width=\"768\" height=\"1024\" src=\"https:\/\/encuentroinformativo.com.mx\/wp-content\/uploads\/2024\/07\/1000345898-768x1024.jpg\" alt=\"\" class=\"wp-image-56753\" srcset=\"https:\/\/encuentroinformativo.com.mx\/wp-content\/uploads\/2024\/07\/1000345898-768x1024.jpg 768w, https:\/\/encuentroinformativo.com.mx\/wp-content\/uploads\/2024\/07\/1000345898-225x300.jpg 225w, https:\/\/encuentroinformativo.com.mx\/wp-content\/uploads\/2024\/07\/1000345898.jpg 960w\" sizes=\"auto, (max-width: 768px) 100vw, 768px\" \/><\/figure>\n\n\n\n<figure class=\"wp-block-image size-large\"><img loading=\"lazy\" decoding=\"async\" width=\"735\" height=\"1024\" src=\"https:\/\/encuentroinformativo.com.mx\/wp-content\/uploads\/2024\/07\/1000345899-735x1024.jpg\" alt=\"\" class=\"wp-image-56754\" srcset=\"https:\/\/encuentroinformativo.com.mx\/wp-content\/uploads\/2024\/07\/1000345899-735x1024.jpg 735w, https:\/\/encuentroinformativo.com.mx\/wp-content\/uploads\/2024\/07\/1000345899-215x300.jpg 215w, https:\/\/encuentroinformativo.com.mx\/wp-content\/uploads\/2024\/07\/1000345899-768x1070.jpg 768w, https:\/\/encuentroinformativo.com.mx\/wp-content\/uploads\/2024\/07\/1000345899.jpg 1080w\" sizes=\"auto, (max-width: 735px) 100vw, 735px\" \/><\/figure>\n","protected":false},"excerpt":{"rendered":"<p>Dar\u00edo Pale Xalapa, Ver.- En Xalapa los amantes de lo ajeno roban la escuela primaria M\u00e9xico, de la Colonia Huizachal, ubicada en el norte de la capital, se llevan equipo de c\u00f3mputo, esto se registr\u00f3 la madrugada de este jueves. En entrevista directora del plantel educativo Mireya Fern\u00e1ndez, dio a conocer que la madrugada de [&hellip;]<\/p>\n","protected":false},"author":2476,"featured_media":56751,"comment_status":"open","ping_status":"open","sticky":false,"template":"","format":"standard","meta":{"_jetpack_memberships_contains_paid_content":false,"footnotes":""},"categories":[3],"tags":[],"class_list":["post-56750","post","type-post","status-publish","format-standard","has-post-thumbnail","hentry","category-xalapa"],"jetpack_featured_media_url":"https:\/\/encuentroinformativo.com.mx\/wp-content\/uploads\/2024\/07\/IMG-20240718-WA0064.jpg","jetpack_sharing_enabled":true,"jetpack_likes_enabled":true,"amp_enabled":true,"_links":{"self":[{"href":"https:\/\/encuentroinformativo.com.mx\/index.php?rest_route=\/wp\/v2\/posts\/56750","targetHints":{"allow":["GET"]}}],"collection":[{"href":"https:\/\/encuentroinformativo.com.mx\/index.php?rest_route=\/wp\/v2\/posts"}],"about":[{"href":"https:\/\/encuentroinformativo.com.mx\/index.php?rest_route=\/wp\/v2\/types\/post"}],"author":[{"embeddable":true,"href":"https:\/\/encuentroinformativo.com.mx\/index.php?rest_route=\/wp\/v2\/users\/2476"}],"replies":[{"embeddable":true,"href":"https:\/\/encuentroinformativo.com.mx\/index.php?rest_route=%2Fwp%2Fv2%2Fcomments&post=56750"}],"version-history":[{"count":2,"href":"https:\/\/encuentroinformativo.com.mx\/index.php?rest_route=\/wp\/v2\/posts\/56750\/revisions"}],"predecessor-version":[{"id":56755,"href":"https:\/\/encuentroinformativo.com.mx\/index.php?rest_route=\/wp\/v2\/posts\/56750\/revisions\/56755"}],"wp:featuredmedia":[{"embeddable":true,"href":"https:\/\/encuentroinformativo.com.mx\/index.php?rest_route=\/wp\/v2\/media\/56751"}],"wp:attachment":[{"href":"https:\/\/encuentroinformativo.com.mx\/index.php?rest_route=%2Fwp%2Fv2%2Fmedia&parent=56750"}],"wp:term":[{"taxonomy":"category","embeddable":true,"href":"https:\/\/encuentroinformativo.com.mx\/index.php?rest_route=%2Fwp%2Fv2%2Fcategories&post=56750"},{"taxonomy":"post_tag","embeddable":true,"href":"https:\/\/encuentroinformativo.com.mx\/index.php?rest_route=%2Fwp%2Fv2%2Ftags&post=56750"}],"curies":[{"name":"wp","href":"https:\/\/api.w.org\/{rel}","templated":true}]}}