{"id":56773,"date":"2024-07-19T11:58:07","date_gmt":"2024-07-19T17:58:07","guid":{"rendered":"https:\/\/encuentroinformativo.com.mx\/?p=56773"},"modified":"2024-07-19T11:58:16","modified_gmt":"2024-07-19T17:58:16","slug":"cometur-considera-positivo-la-realizacion-de-festivales-gastronomicos","status":"publish","type":"post","link":"https:\/\/encuentroinformativo.com.mx\/?p=56773","title":{"rendered":"COMETUR considera positivo la realizaci\u00f3n de Festivales Gastron\u00f3micos"},"content":{"rendered":"\n<p><strong>Alejandro \u00c1vila<\/strong><\/p>\n\n\n\n<p>Veracruz, Ver.- El anuncio de 3 Festivales Gastron\u00f3micos en el Centro Hist\u00f3rico de Veracruz durante la temporada vacacional de verano es positivo, consider\u00f3 el presidente del Consejo Metropolitano de Turismo, Sergio Lois Heredia.<\/p>\n\n\n\n<p>De esta manera, dijo el empresario hotelero que se enaltece la gastronom\u00eda de la ciudad y se puede constatar que Veracruz no es solo playas, sino tambi\u00e9n una ciudad con todos los servicios y llena de historia.<\/p>\n\n\n\n<p>&#8220;Veracruz tiene la gastronom\u00eda que es parte de lo que est\u00e1 engrandeciendo estos festivales, tiene infraestructura, es una ciudad en toda la extensi\u00f3n de la palabra, tiene historia por supuesto, Veracruz es un destino tur\u00edstico que tiene muchas cosas, muchas facetas, y estos festivales engrandecen parte de estas facetas. Tambi\u00e9n para lo que es la econom\u00eda local creo que ayuda llevar gente a lo que es el centro, ahora mismo que el centro est\u00e1 llevando a cabo esta remodelaci\u00f3n que creo que le hac\u00eda falta, es importante que se est\u00e9n llevando a cabo estas cosas para motivar a que la gente de Veracruz quiera venir al centro porque muchos lo est\u00e1n evitando ahorita, y eso s\u00ed le est\u00e1 pegando a los establecimientos que se encuentran ah\u00ed que su mayor p\u00fablico es local&#8221;, expres\u00f3.<\/p>\n\n\n\n<p>Es de mencionar que el Ayuntamiento de Veracruz anunci\u00f3 3 festivales gastron\u00f3micos que se realizar\u00e1n en el mes de agosto en la macroplaza del malec\u00f3n; el d\u00eda 3, el &#8220;Papaloapan Grill Fest&#8221;; el d\u00eda 11, el &#8220;Festival del Antojito&#8221;; y el d\u00eda 31, el &#8220;Festival del Volovan y la Hojaldra&#8221;.<\/p>\n","protected":false},"excerpt":{"rendered":"<p>Alejandro \u00c1vila Veracruz, Ver.- El anuncio de 3 Festivales Gastron\u00f3micos en el Centro Hist\u00f3rico de Veracruz durante la temporada vacacional de verano es positivo, consider\u00f3 el presidente del Consejo Metropolitano de Turismo, Sergio Lois Heredia. De esta manera, dijo el empresario hotelero que se enaltece la gastronom\u00eda de la ciudad y se puede constatar que [&hellip;]<\/p>\n","protected":false},"author":2476,"featured_media":56774,"comment_status":"open","ping_status":"open","sticky":false,"template":"","format":"standard","meta":{"_jetpack_memberships_contains_paid_content":false,"footnotes":""},"categories":[2],"tags":[],"class_list":["post-56773","post","type-post","status-publish","format-standard","has-post-thumbnail","hentry","category-estado"],"jetpack_featured_media_url":"https:\/\/encuentroinformativo.com.mx\/wp-content\/uploads\/2024\/07\/IMG-20240719-WA0015.jpg","jetpack_sharing_enabled":true,"jetpack_likes_enabled":true,"amp_enabled":true,"_links":{"self":[{"href":"https:\/\/encuentroinformativo.com.mx\/index.php?rest_route=\/wp\/v2\/posts\/56773","targetHints":{"allow":["GET"]}}],"collection":[{"href":"https:\/\/encuentroinformativo.com.mx\/index.php?rest_route=\/wp\/v2\/posts"}],"about":[{"href":"https:\/\/encuentroinformativo.com.mx\/index.php?rest_route=\/wp\/v2\/types\/post"}],"author":[{"embeddable":true,"href":"https:\/\/encuentroinformativo.com.mx\/index.php?rest_route=\/wp\/v2\/users\/2476"}],"replies":[{"embeddable":true,"href":"https:\/\/encuentroinformativo.com.mx\/index.php?rest_route=%2Fwp%2Fv2%2Fcomments&post=56773"}],"version-history":[{"count":1,"href":"https:\/\/encuentroinformativo.com.mx\/index.php?rest_route=\/wp\/v2\/posts\/56773\/revisions"}],"predecessor-version":[{"id":56775,"href":"https:\/\/encuentroinformativo.com.mx\/index.php?rest_route=\/wp\/v2\/posts\/56773\/revisions\/56775"}],"wp:featuredmedia":[{"embeddable":true,"href":"https:\/\/encuentroinformativo.com.mx\/index.php?rest_route=\/wp\/v2\/media\/56774"}],"wp:attachment":[{"href":"https:\/\/encuentroinformativo.com.mx\/index.php?rest_route=%2Fwp%2Fv2%2Fmedia&parent=56773"}],"wp:term":[{"taxonomy":"category","embeddable":true,"href":"https:\/\/encuentroinformativo.com.mx\/index.php?rest_route=%2Fwp%2Fv2%2Fcategories&post=56773"},{"taxonomy":"post_tag","embeddable":true,"href":"https:\/\/encuentroinformativo.com.mx\/index.php?rest_route=%2Fwp%2Fv2%2Ftags&post=56773"}],"curies":[{"name":"wp","href":"https:\/\/api.w.org\/{rel}","templated":true}]}}