{"id":56813,"date":"2024-07-20T13:47:10","date_gmt":"2024-07-20T19:47:10","guid":{"rendered":"https:\/\/encuentroinformativo.com.mx\/?p=56813"},"modified":"2024-07-20T13:47:17","modified_gmt":"2024-07-20T19:47:17","slug":"solicitan-empresarios-mejorar-carreteras-estatales","status":"publish","type":"post","link":"https:\/\/encuentroinformativo.com.mx\/?p=56813","title":{"rendered":"Solicitan empresarios mejorar carreteras estatales"},"content":{"rendered":"\n<p><strong>Dar\u00edo Pale <\/strong><\/p>\n\n\n\n<p>Xalapa, Ver.- Fernando Arana Watty presidente del Consejo Empresarial Metropolitano de Xalapa, dio a conocer que espera que la administraci\u00f3n de la gobernadora electa Roc\u00edo Nahle sea m\u00e1s cercana con los empresarios y no los haga a un lado como como la actual administraci\u00f3n de Cuitl\u00e1huac Garc\u00eda Jim\u00e9nez.<\/p>\n\n\n\n<p>En entrevista se\u00f1al\u00f3 que, el d\u00eda de ayer por primera vez los cinco presidentes de los consejos empresariales del estado como son Coatzacoalcos, Poza Rica, Veracruz, Cordoba-Orizaba y Xalapa, se presentaron para apoyar al gobierno entrante para ver qu\u00e9 les valla bien a todos.<\/p>\n\n\n\n<p>Quieren trabajar con la gobernadora entrante y todos los secretarios ya que la \u00fanica forma en que el sector p\u00fablico y privado trabajando de la mano podr\u00e1n salir adelante en todos los rezagos que tiene el estado y hacer que Veracruz sea de los primeros estados en todos los temas positivos y no en carencias.<\/p>\n\n\n\n<p>En una reuni\u00f3n con el senador Ernesto P\u00e9rez Astorga cada una de las regiones present\u00f3 la problem\u00e1tica que tiene pero en lo que s\u00ed coincidieron todos es que se debe de dar mayor mantenimiento en las v\u00edas de comunicaci\u00f3n a lo largo del estado, ya que toda la mercanc\u00eda que pasa de norte a sur transita por todo el estado, adem\u00e1s entre mucha mercanc\u00eda por los puertos des estado.<\/p>\n\n\n\n<p>Otro tema muy importante que le plantearon es la seguridad, tanto en las carreteras como en algunas ciudades del estado ya que, &#8220;se hablaba que han bajado los secuestros pero se ha incrementado alg\u00fan otro tipo de delito, y eso ahuyenta las inversiones y hace que el estado tambi\u00e9n tenga alguna visi\u00f3n de la parte de otras partes de la rep\u00fablica y de otras partes del mundo como un estado problem\u00e1tico&#8221;.<\/p>\n\n\n\n<p>Por lo que necesitan mayor tranquilidad en cuanto a seguridad para que puedan trabajar y que lleguen m\u00e1s inversiones a cada regi\u00f3n del estado.<br>Dijo que lamentablemente en los asaltos hasta un elemento de la polic\u00eda perdi\u00f3 la vida, por lo que el tema de la seguridad es muy importante para el desarrollo social y econ\u00f3mico, son los principales temas que tocaron ayer con el futuro secretario de Desarrollo Econ\u00f3mico.<\/p>\n\n\n\n<p>Tambi\u00e9n sostuvieron una reuni\u00f3n con el presidente municipal Ricardo Ahued Bardahuil quien ser\u00e1 el secretario de gobierno con quien dialogaron de lo que se est\u00e1 haciendo en la capital del estado, y aprovecharon para plantearle las inquietudes de los presidentes de cada regi\u00f3n y se de cuenta de la problem\u00e1tica que existe en el estado y tener la cercan\u00eda para poder ir resolviendo los diferentes temas para cuando llegue a tomar el cargo.<\/p>\n\n\n\n<p>&#8220;Ha estado parado del otro lado de la calle, lo que es para nosotros hablar con las autoridades, exponer los problemas luego es complicado porque pareciera que estamos todo el tiempo reprochando algo y no al contrario \u00e9l lo entiende y es lo que le dec\u00edamos estamos haciendo ver la problem\u00e1tica \u00fanicamente para buscar soluciones&#8221;, se\u00f1al\u00f3.<\/p>\n\n\n\n<p>Coment\u00f3 que no es un reproche es un tema que la parte empresarial y la iniciativa privada siempre est\u00e1 buscando el beneficio por el estado, por la ciudad porque es como se pueden desarrollar todos, generando empleo, tranquilidad social, bajar la inseguridad ya que al existir empleo tambi\u00e9n se baja la inseguridad.<\/p>\n\n\n\n<p>Finalmente coment\u00f3 que, &#8220;la administraci\u00f3n actual pues no tom\u00f3 en cuenta a los empresarios, tuvimos relaci\u00f3n con la Secretar\u00eda de Desarrollo Econ\u00f3mico con el ingeniero Enrique Nach\u00f3n, pero si no hay el apoyo desde el gobernador o no hay el inter\u00e9s de parte del gobernador, pues un secretario por m\u00e1s que quiera apoyar, pues tambi\u00e9n est\u00e1 un poquito atado de manos&#8221;.<\/p>\n","protected":false},"excerpt":{"rendered":"<p>Dar\u00edo Pale Xalapa, Ver.- Fernando Arana Watty presidente del Consejo Empresarial Metropolitano de Xalapa, dio a conocer que espera que la administraci\u00f3n de la gobernadora electa Roc\u00edo Nahle sea m\u00e1s cercana con los empresarios y no los haga a un lado como como la actual administraci\u00f3n de Cuitl\u00e1huac Garc\u00eda Jim\u00e9nez. En entrevista se\u00f1al\u00f3 que, el [&hellip;]<\/p>\n","protected":false},"author":2476,"featured_media":56814,"comment_status":"open","ping_status":"open","sticky":false,"template":"","format":"standard","meta":{"_jetpack_memberships_contains_paid_content":false,"footnotes":""},"categories":[2],"tags":[],"class_list":["post-56813","post","type-post","status-publish","format-standard","has-post-thumbnail","hentry","category-estado"],"jetpack_featured_media_url":"https:\/\/encuentroinformativo.com.mx\/wp-content\/uploads\/2024\/07\/IMG-20240720-WA0016.jpg","jetpack_sharing_enabled":true,"jetpack_likes_enabled":true,"amp_enabled":true,"_links":{"self":[{"href":"https:\/\/encuentroinformativo.com.mx\/index.php?rest_route=\/wp\/v2\/posts\/56813","targetHints":{"allow":["GET"]}}],"collection":[{"href":"https:\/\/encuentroinformativo.com.mx\/index.php?rest_route=\/wp\/v2\/posts"}],"about":[{"href":"https:\/\/encuentroinformativo.com.mx\/index.php?rest_route=\/wp\/v2\/types\/post"}],"author":[{"embeddable":true,"href":"https:\/\/encuentroinformativo.com.mx\/index.php?rest_route=\/wp\/v2\/users\/2476"}],"replies":[{"embeddable":true,"href":"https:\/\/encuentroinformativo.com.mx\/index.php?rest_route=%2Fwp%2Fv2%2Fcomments&post=56813"}],"version-history":[{"count":1,"href":"https:\/\/encuentroinformativo.com.mx\/index.php?rest_route=\/wp\/v2\/posts\/56813\/revisions"}],"predecessor-version":[{"id":56815,"href":"https:\/\/encuentroinformativo.com.mx\/index.php?rest_route=\/wp\/v2\/posts\/56813\/revisions\/56815"}],"wp:featuredmedia":[{"embeddable":true,"href":"https:\/\/encuentroinformativo.com.mx\/index.php?rest_route=\/wp\/v2\/media\/56814"}],"wp:attachment":[{"href":"https:\/\/encuentroinformativo.com.mx\/index.php?rest_route=%2Fwp%2Fv2%2Fmedia&parent=56813"}],"wp:term":[{"taxonomy":"category","embeddable":true,"href":"https:\/\/encuentroinformativo.com.mx\/index.php?rest_route=%2Fwp%2Fv2%2Fcategories&post=56813"},{"taxonomy":"post_tag","embeddable":true,"href":"https:\/\/encuentroinformativo.com.mx\/index.php?rest_route=%2Fwp%2Fv2%2Ftags&post=56813"}],"curies":[{"name":"wp","href":"https:\/\/api.w.org\/{rel}","templated":true}]}}