{"id":56816,"date":"2024-07-20T15:08:59","date_gmt":"2024-07-20T21:08:59","guid":{"rendered":"https:\/\/encuentroinformativo.com.mx\/?p=56816"},"modified":"2024-07-20T15:09:06","modified_gmt":"2024-07-20T21:09:06","slug":"lluvias-han-disminuido-municipios-con-sequia-severa-senala-conagua","status":"publish","type":"post","link":"https:\/\/encuentroinformativo.com.mx\/?p=56816","title":{"rendered":"Lluvias han disminuido municipios con sequ\u00eda severa, se\u00f1ala Conagua"},"content":{"rendered":"\n<p><strong>Dar\u00edo Pale <\/strong><\/p>\n\n\n\n<p>Xalapa, Ver.- La jefa del Proyecto de Hidrometeorolog\u00eda del Organismo de Cuenca Golfo-Centro de la Comisi\u00f3n Nacional del Agua (Conagua) Jessica Luna Lagunes, dio a conocer que gracias a las lluvias que se han registrados en los \u00faltimos d\u00edas, permitieron disminuir el n\u00famero de municipios en condiciones de sequ\u00eda en el estado de Veracruz, al pasar de 46 a 12.\u00a0<\/p>\n\n\n\n<p>En entrevista coment\u00f3 que, los municipios con sequ\u00eda severa suman cuatro Minatitl\u00e1n, Sayula de Alem\u00e1n, Texistepec y San Juan Evangelista.<\/p>\n\n\n\n<p>Luna Lagunes agreg\u00f3 que tambi\u00e9n hay cinco municipios con sequ\u00eda moderada; se trata de P\u00e1nuco, Coatzacoalcos, Las Choapas, Moloac\u00e1n y Agua Dulce.<\/p>\n\n\n\n<p>Sin embargo, la especialista tambi\u00e9n dijo que aparecen 47 municipios en condiciones anormalmente secas.\u00a0<\/p>\n\n\n\n<p>Diez de estos se ubican en la cuenca del Jamapa-Cotaxtla, 32 en la del Papaloapan y cinco en la del Coatzacoalcos.<\/p>\n\n\n\n<p>Por \u00faltimo en cuanto a los municipios con sequ\u00eda extrema se advierte que estos son: Hidalgotitl\u00e1n, Jes\u00fas Carranza y Uxpanapa.<\/p>\n","protected":false},"excerpt":{"rendered":"<p>Dar\u00edo Pale Xalapa, Ver.- La jefa del Proyecto de Hidrometeorolog\u00eda del Organismo de Cuenca Golfo-Centro de la Comisi\u00f3n Nacional del Agua (Conagua) Jessica Luna Lagunes, dio a conocer que gracias a las lluvias que se han registrados en los \u00faltimos d\u00edas, permitieron disminuir el n\u00famero de municipios en condiciones de sequ\u00eda en el estado de [&hellip;]<\/p>\n","protected":false},"author":2476,"featured_media":17619,"comment_status":"open","ping_status":"open","sticky":false,"template":"","format":"standard","meta":{"_jetpack_memberships_contains_paid_content":false,"footnotes":""},"categories":[2],"tags":[],"class_list":["post-56816","post","type-post","status-publish","format-standard","has-post-thumbnail","hentry","category-estado"],"jetpack_featured_media_url":"https:\/\/encuentroinformativo.com.mx\/wp-content\/uploads\/2021\/08\/3D1FF318-4D75-4846-A91F-8C4A5240695E.jpeg","jetpack_sharing_enabled":true,"jetpack_likes_enabled":true,"amp_enabled":true,"_links":{"self":[{"href":"https:\/\/encuentroinformativo.com.mx\/index.php?rest_route=\/wp\/v2\/posts\/56816","targetHints":{"allow":["GET"]}}],"collection":[{"href":"https:\/\/encuentroinformativo.com.mx\/index.php?rest_route=\/wp\/v2\/posts"}],"about":[{"href":"https:\/\/encuentroinformativo.com.mx\/index.php?rest_route=\/wp\/v2\/types\/post"}],"author":[{"embeddable":true,"href":"https:\/\/encuentroinformativo.com.mx\/index.php?rest_route=\/wp\/v2\/users\/2476"}],"replies":[{"embeddable":true,"href":"https:\/\/encuentroinformativo.com.mx\/index.php?rest_route=%2Fwp%2Fv2%2Fcomments&post=56816"}],"version-history":[{"count":1,"href":"https:\/\/encuentroinformativo.com.mx\/index.php?rest_route=\/wp\/v2\/posts\/56816\/revisions"}],"predecessor-version":[{"id":56817,"href":"https:\/\/encuentroinformativo.com.mx\/index.php?rest_route=\/wp\/v2\/posts\/56816\/revisions\/56817"}],"wp:featuredmedia":[{"embeddable":true,"href":"https:\/\/encuentroinformativo.com.mx\/index.php?rest_route=\/wp\/v2\/media\/17619"}],"wp:attachment":[{"href":"https:\/\/encuentroinformativo.com.mx\/index.php?rest_route=%2Fwp%2Fv2%2Fmedia&parent=56816"}],"wp:term":[{"taxonomy":"category","embeddable":true,"href":"https:\/\/encuentroinformativo.com.mx\/index.php?rest_route=%2Fwp%2Fv2%2Fcategories&post=56816"},{"taxonomy":"post_tag","embeddable":true,"href":"https:\/\/encuentroinformativo.com.mx\/index.php?rest_route=%2Fwp%2Fv2%2Ftags&post=56816"}],"curies":[{"name":"wp","href":"https:\/\/api.w.org\/{rel}","templated":true}]}}