{"id":56825,"date":"2024-07-21T14:08:58","date_gmt":"2024-07-21T20:08:58","guid":{"rendered":"https:\/\/encuentroinformativo.com.mx\/?p=56825"},"modified":"2024-07-21T14:09:16","modified_gmt":"2024-07-21T20:09:16","slug":"sindicatos-piden-apertura-al-dialogo-con-proximos-funcionarios-de-la-sev","status":"publish","type":"post","link":"https:\/\/encuentroinformativo.com.mx\/?p=56825","title":{"rendered":"Sindicatos piden apertura al di\u00e1logo con pr\u00f3ximos funcionarios de la SEV"},"content":{"rendered":"\n<p><strong>Juan Arcos <\/strong><\/p>\n\n\n\n<p>Xalapa, Ver.- Sindicatos magisteriales pidieron a la pr\u00f3xima titular de la Secretar\u00eda de Educaci\u00f3n de Veracruz (SEV), Claudia Tello Espinosa, que la gente designada en cargos directivos de la dependencia estatal para la siguiente administraci\u00f3n est\u00e9 capacitada y abierta al di\u00e1logo.<\/p>\n\n\n\n<p>De acuerdo con el secretario general del Sindicato Magisterial Veracruzano (SMV), Ram\u00f3n Dom\u00ednguez Polo, se solicita a la nueva secretaria de Educaci\u00f3n designar personas comprometidas y humanistas en puestos clave.<\/p>\n\n\n\n<p>El entrevistado dijo estar de acuerdo en que las oficinas centrales de la SEV no sean tomadas por docentes inconformes con frecuencia, como lo ha solicitado p\u00fablicamente la pr\u00f3xima Secretaria de Educaci\u00f3n.<\/p>\n\n\n\n<p>Sin embargo, el l\u00edder sindical enfatiz\u00f3 que es necesario un cambio en la atenci\u00f3n de las demandas sindicales y que se garantice tambi\u00e9n el cumplimiento de acuerdos para evitar las protestas magisteriales.<\/p>\n\n\n\n<p>&#8220;Aprovecho y le pido humildemente el llamado a la nueva secretaria de Educaci\u00f3n porque ella sac\u00f3 la semana pasada una publicaci\u00f3n de que no pueden seguir la Secretar\u00eda de Educaci\u00f3n tomada por muchas cosas. Pero tambi\u00e9n le pido a la nueva funcionaria que la gente que vaya a designar los niveles, que sea gente comprometida, gente con capacidad, gente que sea humanista, gente que d\u00e9 oportunidad de di\u00e1logo\u201d.<\/p>\n\n\n\n<p>Dom\u00ednguez Polo enfatiz\u00f3 que, en la actualidad, algunos funcionarios se \u201ccreen due\u00f1os de la SEV\u201d y eso genera problemas internos y externos.<\/p>\n\n\n\n<p>&#8220;Y aqu\u00ed esta situaci\u00f3n le recuerdo a todos que somos trabajadores de la Secretar\u00eda de Educaci\u00f3n, pero muchos funcionarios se creen due\u00f1os de la dependencia. Y ese es el choque que hay. Entonces yo le pido de manera m\u00e1s atenta a la nueva secretaria de Educaci\u00f3n que la gente que vaya a colocar en los puestos claves, que gente sea de trabajo\u201d, agreg\u00f3.<\/p>\n\n\n\n<p>Cabe recordar que el pasado 15 de julio, los integrantes del SMV tomaron la Subdirecci\u00f3n de Escuelas Secundarias Estatales, en la ciudad de Xalapa, donde denunciaron un caso de discriminaci\u00f3n y homofobia contra uno de sus agremiados.<\/p>\n\n\n\n<p>El docente Bernab\u00e9 Rodr\u00edguez P\u00e9rez fue discriminado por parte de sus superiores en la telesecundaria de la comunidad San Jos\u00e9 Tenejapa, municipio de Tepatlaxco.<\/p>\n","protected":false},"excerpt":{"rendered":"<p>Juan Arcos Xalapa, Ver.- Sindicatos magisteriales pidieron a la pr\u00f3xima titular de la Secretar\u00eda de Educaci\u00f3n de Veracruz (SEV), Claudia Tello Espinosa, que la gente designada en cargos directivos de la dependencia estatal para la siguiente administraci\u00f3n est\u00e9 capacitada y abierta al di\u00e1logo. De acuerdo con el secretario general del Sindicato Magisterial Veracruzano (SMV), Ram\u00f3n [&hellip;]<\/p>\n","protected":false},"author":2476,"featured_media":56826,"comment_status":"open","ping_status":"open","sticky":false,"template":"","format":"standard","meta":{"_jetpack_memberships_contains_paid_content":false,"footnotes":""},"categories":[2],"tags":[],"class_list":["post-56825","post","type-post","status-publish","format-standard","has-post-thumbnail","hentry","category-estado"],"jetpack_featured_media_url":"https:\/\/encuentroinformativo.com.mx\/wp-content\/uploads\/2024\/07\/IMG_6190.jpg","jetpack_sharing_enabled":true,"jetpack_likes_enabled":true,"amp_enabled":true,"_links":{"self":[{"href":"https:\/\/encuentroinformativo.com.mx\/index.php?rest_route=\/wp\/v2\/posts\/56825","targetHints":{"allow":["GET"]}}],"collection":[{"href":"https:\/\/encuentroinformativo.com.mx\/index.php?rest_route=\/wp\/v2\/posts"}],"about":[{"href":"https:\/\/encuentroinformativo.com.mx\/index.php?rest_route=\/wp\/v2\/types\/post"}],"author":[{"embeddable":true,"href":"https:\/\/encuentroinformativo.com.mx\/index.php?rest_route=\/wp\/v2\/users\/2476"}],"replies":[{"embeddable":true,"href":"https:\/\/encuentroinformativo.com.mx\/index.php?rest_route=%2Fwp%2Fv2%2Fcomments&post=56825"}],"version-history":[{"count":1,"href":"https:\/\/encuentroinformativo.com.mx\/index.php?rest_route=\/wp\/v2\/posts\/56825\/revisions"}],"predecessor-version":[{"id":56827,"href":"https:\/\/encuentroinformativo.com.mx\/index.php?rest_route=\/wp\/v2\/posts\/56825\/revisions\/56827"}],"wp:featuredmedia":[{"embeddable":true,"href":"https:\/\/encuentroinformativo.com.mx\/index.php?rest_route=\/wp\/v2\/media\/56826"}],"wp:attachment":[{"href":"https:\/\/encuentroinformativo.com.mx\/index.php?rest_route=%2Fwp%2Fv2%2Fmedia&parent=56825"}],"wp:term":[{"taxonomy":"category","embeddable":true,"href":"https:\/\/encuentroinformativo.com.mx\/index.php?rest_route=%2Fwp%2Fv2%2Fcategories&post=56825"},{"taxonomy":"post_tag","embeddable":true,"href":"https:\/\/encuentroinformativo.com.mx\/index.php?rest_route=%2Fwp%2Fv2%2Ftags&post=56825"}],"curies":[{"name":"wp","href":"https:\/\/api.w.org\/{rel}","templated":true}]}}