{"id":56832,"date":"2024-07-21T17:27:42","date_gmt":"2024-07-21T23:27:42","guid":{"rendered":"https:\/\/encuentroinformativo.com.mx\/?p=56832"},"modified":"2024-07-21T17:27:50","modified_gmt":"2024-07-21T23:27:50","slug":"exitosa-tercera-edicion-de-la-carrera-conmemorativa-santa-ana-2024","status":"publish","type":"post","link":"https:\/\/encuentroinformativo.com.mx\/?p=56832","title":{"rendered":"Exitosa tercera edici\u00f3n de la Carrera Conmemorativa Santa Ana 2024"},"content":{"rendered":"\n<p><strong>*<em>Mas de mil participantes disfrutaron de 3K y 5K para conseguir la medalla coleccionable con la letra \u201cC\u201d, como pre\u00e1mbulo de las fiestas patronales de Boca del R\u00edo<\/em>.<\/strong><\/p>\n\n\n\n<p>Boca del R\u00edo, Ver.- Ni las inclemencias del tiempo detuvieron a los m\u00e1s de mil corredores que con entusiasmo participaron en la carrera conmemorativa Santa Ana 2024 3K y 5K.<\/p>\n\n\n\n<p>Club de Corredores, familias, chicos, grandes y mascotas, compitieron y se deleitaron del maravilloso paisaje del bulevar Vicente Fox, transitando adem\u00e1s por el bulevar Miguel Alem\u00e1n, as\u00ed como por calles aleda\u00f1as de la cabecera municipal.<\/p>\n\n\n\n<p>\u201cMuchas felicidades a los m\u00e1s de mil asistentes que participaron de manera individual y con sus mascotas, para conseguir la medalla coleccionable con la letra C\u201d, expres\u00f3 el alcalde de Boca del R\u00edo, Juan Manuel Un\u00e1nue Abascal.<\/p>\n\n\n\n<p>En punto de las 6:30 de la ma\u00f1ana a la altura del Foro Boca se realiz\u00f3 el banderazo de salida a cargo de las autoridades municipales y patrocinadores, adem\u00e1s de la Doncella del Mar 2024; Mar\u00eda Rosalin Cruz Barrientos, Princesa Primera; In\u00e9s de Jes\u00fas Mart\u00ednez Esmediche, Princesa Segunda; Ingrid D\u00edaz G\u00f3mez y el Trit\u00f3n 2024; \u00c1ngel Gabriel Delf\u00edn Molina.<\/p>\n\n\n\n<p>El presidente municipal record\u00f3 que las fiestas patronales de Boca del R\u00edo ya dieron inicio este domingo 21 de julio con esta carrera, contando con un espectacular programa de actividades religiosas, concursos y conciertos de aqu\u00ed al 28 de julio en la cabecera municipal.<\/p>\n\n\n\n<p><em><strong>GANADORES CARRERA 5K<\/strong><\/em><\/p>\n\n\n\n<p><em><strong>Categor\u00eda Varonil<\/strong><\/em><\/p>\n\n\n\n<p>1ero. | Carlos David Gamboa Ram\u00edrez (16 minutos y 42 segundos)<br>2do. | Freddy Viveros Hern\u00e1ndez (17 minutos y 05 segundos).<br>3ero. | Yair Antonio Mej\u00eda (17 minutos y 20 segundos).<\/p>\n\n\n\n<p><em><strong>Categor\u00eda Femenil<\/strong><\/em><\/p>\n\n\n\n<p>1ero. | Ariana Flores Furiano (Tiempo: 18 minutos y 51 segundos)<br>2do. | Yesica Moreno Cant\u00fa (19 minutos y 43 segundos).<br>3ero. | Angelica Torres Z\u00fa\u00f1iga (20 minutos y 16 segundos).<\/p>\n\n\n\n<p>Los triunfadores recibieron los siguientes premios: Primer lugar: $3, 500 pesos, segundo lugar $2, 500 pesos y tercer lugar $1, 500 pesos en ambas categor\u00edas.<\/p>\n\n\n\n<p>Mientras que los participantes en la carrera o caminata 3K obtuvieron diversos regalos en especie al primero, segundo y tercer lugar.<\/p>\n\n\n\n<p>Para conocer el programa general de las Fiestas de Santa Ana 2024, visite las Redes Sociales oficiales del Ayuntamiento de Boca del R\u00edo; www.facebook.com\/MpioBocadelRio, X: @_BocadelRio e Instagram: @bocadelrio.ver <\/p>\n\n\n\n<figure class=\"wp-block-image size-large\"><img loading=\"lazy\" decoding=\"async\" width=\"1024\" height=\"682\" src=\"https:\/\/encuentroinformativo.com.mx\/wp-content\/uploads\/2024\/07\/1000347741-1024x682.jpg\" alt=\"\" class=\"wp-image-56835\" srcset=\"https:\/\/encuentroinformativo.com.mx\/wp-content\/uploads\/2024\/07\/1000347741-1024x682.jpg 1024w, https:\/\/encuentroinformativo.com.mx\/wp-content\/uploads\/2024\/07\/1000347741-300x200.jpg 300w, https:\/\/encuentroinformativo.com.mx\/wp-content\/uploads\/2024\/07\/1000347741-768x512.jpg 768w, https:\/\/encuentroinformativo.com.mx\/wp-content\/uploads\/2024\/07\/1000347741.jpg 1280w\" sizes=\"auto, (max-width: 1024px) 100vw, 1024px\" \/><\/figure>\n\n\n\n<p><\/p>\n","protected":false},"excerpt":{"rendered":"<p>*Mas de mil participantes disfrutaron de 3K y 5K para conseguir la medalla coleccionable con la letra \u201cC\u201d, como pre\u00e1mbulo de las fiestas patronales de Boca del R\u00edo. Boca del R\u00edo, Ver.- Ni las inclemencias del tiempo detuvieron a los m\u00e1s de mil corredores que con entusiasmo participaron en la carrera conmemorativa Santa Ana 2024 [&hellip;]<\/p>\n","protected":false},"author":2476,"featured_media":56833,"comment_status":"open","ping_status":"open","sticky":false,"template":"","format":"standard","meta":{"_jetpack_memberships_contains_paid_content":false,"footnotes":""},"categories":[2],"tags":[],"class_list":["post-56832","post","type-post","status-publish","format-standard","has-post-thumbnail","hentry","category-estado"],"jetpack_featured_media_url":"https:\/\/encuentroinformativo.com.mx\/wp-content\/uploads\/2024\/07\/IMG-20240721-WA0011.jpg","jetpack_sharing_enabled":true,"jetpack_likes_enabled":true,"amp_enabled":true,"_links":{"self":[{"href":"https:\/\/encuentroinformativo.com.mx\/index.php?rest_route=\/wp\/v2\/posts\/56832","targetHints":{"allow":["GET"]}}],"collection":[{"href":"https:\/\/encuentroinformativo.com.mx\/index.php?rest_route=\/wp\/v2\/posts"}],"about":[{"href":"https:\/\/encuentroinformativo.com.mx\/index.php?rest_route=\/wp\/v2\/types\/post"}],"author":[{"embeddable":true,"href":"https:\/\/encuentroinformativo.com.mx\/index.php?rest_route=\/wp\/v2\/users\/2476"}],"replies":[{"embeddable":true,"href":"https:\/\/encuentroinformativo.com.mx\/index.php?rest_route=%2Fwp%2Fv2%2Fcomments&post=56832"}],"version-history":[{"count":2,"href":"https:\/\/encuentroinformativo.com.mx\/index.php?rest_route=\/wp\/v2\/posts\/56832\/revisions"}],"predecessor-version":[{"id":56836,"href":"https:\/\/encuentroinformativo.com.mx\/index.php?rest_route=\/wp\/v2\/posts\/56832\/revisions\/56836"}],"wp:featuredmedia":[{"embeddable":true,"href":"https:\/\/encuentroinformativo.com.mx\/index.php?rest_route=\/wp\/v2\/media\/56833"}],"wp:attachment":[{"href":"https:\/\/encuentroinformativo.com.mx\/index.php?rest_route=%2Fwp%2Fv2%2Fmedia&parent=56832"}],"wp:term":[{"taxonomy":"category","embeddable":true,"href":"https:\/\/encuentroinformativo.com.mx\/index.php?rest_route=%2Fwp%2Fv2%2Fcategories&post=56832"},{"taxonomy":"post_tag","embeddable":true,"href":"https:\/\/encuentroinformativo.com.mx\/index.php?rest_route=%2Fwp%2Fv2%2Ftags&post=56832"}],"curies":[{"name":"wp","href":"https:\/\/api.w.org\/{rel}","templated":true}]}}