{"id":56839,"date":"2024-07-22T13:49:30","date_gmt":"2024-07-22T19:49:30","guid":{"rendered":"https:\/\/encuentroinformativo.com.mx\/?p=56839"},"modified":"2024-07-22T13:49:38","modified_gmt":"2024-07-22T19:49:38","slug":"cerca-de-500-mil-credenciales-perderan-vigencia-en-veracruz","status":"publish","type":"post","link":"https:\/\/encuentroinformativo.com.mx\/?p=56839","title":{"rendered":"Cerca de 500 mil credenciales perder\u00e1n vigencia en Veracruz"},"content":{"rendered":"\n<p><strong>Dar\u00edo Pale <\/strong><\/p>\n\n\n\n<p>Xalapa, Ver.- Casi 500 mil credenciales perder\u00e1n vigencia este 2024, y este a\u00f1o inicia el proceso electoral 2024-2025 para la renovaci\u00f3n de las presidencias municipales y cargos edilicios en los 212 ayuntamiento de Veracruz, por lo que es importante la vigencia de las credenciales.<\/p>\n\n\n\n<p>El delegado del Instituto Nacional Electoral (INE) en el Estado de Veracruz, Josu\u00e9 Cervantes Mart\u00ednez, dio a conocer que en la entidad veracruzana 464 mil 877 credenciales, que fueron expedidas en el 2014, perder\u00e1n vigencia a partir del 1\u00ba de enero de 2025.<\/p>\n\n\n\n<p>Por ello recomend\u00f3 a los ciudadanos que se encuentran en esta situaci\u00f3n acudir a los m\u00f3dulos de atenci\u00f3n ciudadana a renovarlas, la credencial tiene un periodo de vigencia de diez a\u00f1os, y aquellas que fueron expedidas en el 2014, su vigencia habr\u00e1 concluido a finales de diciembre del a\u00f1o en curso.<\/p>\n\n\n\n<p>\u201cPor ello hacemos un atento llamado a la ciudadan\u00eda para que revise su credencial, en el apartado de vigencia, y si dice 2014-2024, la tienen que sustituir de inmediato\u201d, se\u00f1al\u00f3.\u00a0<\/p>\n\n\n\n<p>Pidi\u00f3 no dejar el tr\u00e1mite para los \u00faltimos d\u00edas del a\u00f1o porque en esas fechas los M\u00f3dulos de Atenci\u00f3n Ciudadana se saturan y luego la ciudadan\u00eda se incomoda porque no es atendida con la agilidad que se merece.\u00a0<\/p>\n\n\n\n<p>\u201cHay que dar un buen servicio y la mejor atenci\u00f3n, pero llega el momento en que la demanda rebasa nuestra capacidad\u201d, coment\u00f3.<\/p>\n\n\n\n<p>Por otro lado, dio a conocer que en breve iniciar\u00e1 el proceso electoral local 2024-2025 para renovar las 212 presidencias municipales y dem\u00e1s cargos edilicios de los ayuntamientos de la entidad.<\/p>\n\n\n\n<p>Por \u00faltimo coment\u00f3 que, ah\u00ed la importancia de que la ciudadan\u00eda mantenga actualizada su Credencial para Votar y as\u00ed pueda participar en este transcendental ejercicio democr\u00e1tico, de lo contrario no podr\u00e1 sufragar el d\u00eda de la jornada electoral ni la credencial le servir\u00e1 como medio de identificaci\u00f3n.<\/p>\n","protected":false},"excerpt":{"rendered":"<p>Dar\u00edo Pale Xalapa, Ver.- Casi 500 mil credenciales perder\u00e1n vigencia este 2024, y este a\u00f1o inicia el proceso electoral 2024-2025 para la renovaci\u00f3n de las presidencias municipales y cargos edilicios en los 212 ayuntamiento de Veracruz, por lo que es importante la vigencia de las credenciales. El delegado del Instituto Nacional Electoral (INE) en el [&hellip;]<\/p>\n","protected":false},"author":2476,"featured_media":56840,"comment_status":"open","ping_status":"open","sticky":false,"template":"","format":"standard","meta":{"_jetpack_memberships_contains_paid_content":false,"footnotes":""},"categories":[2],"tags":[],"class_list":["post-56839","post","type-post","status-publish","format-standard","has-post-thumbnail","hentry","category-estado"],"jetpack_featured_media_url":"https:\/\/encuentroinformativo.com.mx\/wp-content\/uploads\/2024\/07\/IMG-20240722-WA0014.jpg","jetpack_sharing_enabled":true,"jetpack_likes_enabled":true,"amp_enabled":true,"_links":{"self":[{"href":"https:\/\/encuentroinformativo.com.mx\/index.php?rest_route=\/wp\/v2\/posts\/56839","targetHints":{"allow":["GET"]}}],"collection":[{"href":"https:\/\/encuentroinformativo.com.mx\/index.php?rest_route=\/wp\/v2\/posts"}],"about":[{"href":"https:\/\/encuentroinformativo.com.mx\/index.php?rest_route=\/wp\/v2\/types\/post"}],"author":[{"embeddable":true,"href":"https:\/\/encuentroinformativo.com.mx\/index.php?rest_route=\/wp\/v2\/users\/2476"}],"replies":[{"embeddable":true,"href":"https:\/\/encuentroinformativo.com.mx\/index.php?rest_route=%2Fwp%2Fv2%2Fcomments&post=56839"}],"version-history":[{"count":1,"href":"https:\/\/encuentroinformativo.com.mx\/index.php?rest_route=\/wp\/v2\/posts\/56839\/revisions"}],"predecessor-version":[{"id":56841,"href":"https:\/\/encuentroinformativo.com.mx\/index.php?rest_route=\/wp\/v2\/posts\/56839\/revisions\/56841"}],"wp:featuredmedia":[{"embeddable":true,"href":"https:\/\/encuentroinformativo.com.mx\/index.php?rest_route=\/wp\/v2\/media\/56840"}],"wp:attachment":[{"href":"https:\/\/encuentroinformativo.com.mx\/index.php?rest_route=%2Fwp%2Fv2%2Fmedia&parent=56839"}],"wp:term":[{"taxonomy":"category","embeddable":true,"href":"https:\/\/encuentroinformativo.com.mx\/index.php?rest_route=%2Fwp%2Fv2%2Fcategories&post=56839"},{"taxonomy":"post_tag","embeddable":true,"href":"https:\/\/encuentroinformativo.com.mx\/index.php?rest_route=%2Fwp%2Fv2%2Ftags&post=56839"}],"curies":[{"name":"wp","href":"https:\/\/api.w.org\/{rel}","templated":true}]}}