{"id":56845,"date":"2024-07-22T14:25:46","date_gmt":"2024-07-22T20:25:46","guid":{"rendered":"https:\/\/encuentroinformativo.com.mx\/?p=56845"},"modified":"2024-07-22T14:25:54","modified_gmt":"2024-07-22T20:25:54","slug":"atiende-contraloria-despido-de-persona-con-discapacidad-alcalde","status":"publish","type":"post","link":"https:\/\/encuentroinformativo.com.mx\/?p=56845","title":{"rendered":"Atiende Contralor\u00eda despido de persona con discapacidad: Alcalde"},"content":{"rendered":"\n<p><strong>Dar\u00edo Pale <\/strong><\/p>\n\n\n\n<p>Xalapa, Ver.- El presidente municipal Ricardo Ahued Bardahuil dio a conocer que la Contralor\u00eda municipal atiende el caso de la persona con discapacidad que acusa despido injustificado en el Registro Civil.<\/p>\n\n\n\n<p>En entrevista se\u00f1al\u00f3 que, por respeto al proceso no otorga detalles de la situaci\u00f3n que deriv\u00f3 en tal acci\u00f3n; aunque, enfatiz\u00f3, habr\u00e1 justicia.<\/p>\n\n\n\n<p>\u201cTiene un proceso en Contralor\u00eda no lo quiero ventilar porque merece mi respeto; se hace justicia siempre y hay un proceso que est\u00e1 en Contralor\u00eda con informaci\u00f3n, pero no se puede ventilar cosas que son de un proceso\u201d, se\u00f1al\u00f3.<\/p>\n\n\n\n<p>En ese sentido, enfatiz\u00f3 que el extrabajador cuenta con su apoyo y respeto, y que el asunto est\u00e1 en proceso.<\/p>\n\n\n\n<p>&#8220;Estoy obligado, el alcalde, a no cometer errores de omisi\u00f3n y darle el seguimiento que corresponda; estaremos atentos a sus derechos humanos y los correspondientes en el tema laboral\u201d, coment\u00f3.<\/p>\n\n\n\n<p>El presidente municipal sostuvo que, con base en las pruebas del \u00d3rgano de Control Interno se determinar\u00e1 lo conducente \u201cy yo, como presidente municipal, tengo que cumplir con la ley\u201d.<\/p>\n\n\n\n<p>Y es que el presunto afectado refiere que, tras casi 15 a\u00f1os de servicio en la administraci\u00f3n municipal desempe\u00f1\u00e1ndose como capturista, en octubre de 2023, se le notific\u00f3 un acta administrativa que deriv\u00f3 en el despido, al cual argumenta es injustificado.<\/p>\n","protected":false},"excerpt":{"rendered":"<p>Dar\u00edo Pale Xalapa, Ver.- El presidente municipal Ricardo Ahued Bardahuil dio a conocer que la Contralor\u00eda municipal atiende el caso de la persona con discapacidad que acusa despido injustificado en el Registro Civil. En entrevista se\u00f1al\u00f3 que, por respeto al proceso no otorga detalles de la situaci\u00f3n que deriv\u00f3 en tal acci\u00f3n; aunque, enfatiz\u00f3, habr\u00e1 [&hellip;]<\/p>\n","protected":false},"author":2476,"featured_media":56846,"comment_status":"open","ping_status":"open","sticky":false,"template":"","format":"standard","meta":{"_jetpack_memberships_contains_paid_content":false,"footnotes":""},"categories":[3],"tags":[],"class_list":["post-56845","post","type-post","status-publish","format-standard","has-post-thumbnail","hentry","category-xalapa"],"jetpack_featured_media_url":"https:\/\/encuentroinformativo.com.mx\/wp-content\/uploads\/2024\/07\/IMG-20240722-WA0008.jpg","jetpack_sharing_enabled":true,"jetpack_likes_enabled":true,"amp_enabled":true,"_links":{"self":[{"href":"https:\/\/encuentroinformativo.com.mx\/index.php?rest_route=\/wp\/v2\/posts\/56845","targetHints":{"allow":["GET"]}}],"collection":[{"href":"https:\/\/encuentroinformativo.com.mx\/index.php?rest_route=\/wp\/v2\/posts"}],"about":[{"href":"https:\/\/encuentroinformativo.com.mx\/index.php?rest_route=\/wp\/v2\/types\/post"}],"author":[{"embeddable":true,"href":"https:\/\/encuentroinformativo.com.mx\/index.php?rest_route=\/wp\/v2\/users\/2476"}],"replies":[{"embeddable":true,"href":"https:\/\/encuentroinformativo.com.mx\/index.php?rest_route=%2Fwp%2Fv2%2Fcomments&post=56845"}],"version-history":[{"count":1,"href":"https:\/\/encuentroinformativo.com.mx\/index.php?rest_route=\/wp\/v2\/posts\/56845\/revisions"}],"predecessor-version":[{"id":56847,"href":"https:\/\/encuentroinformativo.com.mx\/index.php?rest_route=\/wp\/v2\/posts\/56845\/revisions\/56847"}],"wp:featuredmedia":[{"embeddable":true,"href":"https:\/\/encuentroinformativo.com.mx\/index.php?rest_route=\/wp\/v2\/media\/56846"}],"wp:attachment":[{"href":"https:\/\/encuentroinformativo.com.mx\/index.php?rest_route=%2Fwp%2Fv2%2Fmedia&parent=56845"}],"wp:term":[{"taxonomy":"category","embeddable":true,"href":"https:\/\/encuentroinformativo.com.mx\/index.php?rest_route=%2Fwp%2Fv2%2Fcategories&post=56845"},{"taxonomy":"post_tag","embeddable":true,"href":"https:\/\/encuentroinformativo.com.mx\/index.php?rest_route=%2Fwp%2Fv2%2Ftags&post=56845"}],"curies":[{"name":"wp","href":"https:\/\/api.w.org\/{rel}","templated":true}]}}