{"id":56848,"date":"2024-07-22T14:47:31","date_gmt":"2024-07-22T20:47:31","guid":{"rendered":"https:\/\/encuentroinformativo.com.mx\/?p=56848"},"modified":"2024-07-22T14:47:41","modified_gmt":"2024-07-22T20:47:41","slug":"vinculan-a-proceso-a-presunto-multihomicida-de-tlapacoyan","status":"publish","type":"post","link":"https:\/\/encuentroinformativo.com.mx\/?p=56848","title":{"rendered":"Vinculan a proceso a presunto multihomicida de Tlapacoyan"},"content":{"rendered":"\n<p><strong>Dar\u00edo Pale <\/strong><\/p>\n\n\n\n<p>Xalapa, Ver.- Detiene y vinculan a proceso a El Sicario, multihomicida que operaba en Tlapacoyan y otros municipios, as\u00ed lo dio al conocer la fiscal general del Estado, Ver\u00f3nica Hern\u00e1ndez Giand\u00e1ns.<\/p>\n\n\n\n<p>En conferencia de prensa inform\u00f3 que, fue detenido y vinculado a proceso Jos\u00e9 Alberto &#8220;N&#8221;, alias &#8220;El Sicario&#8221;, joven de apenas 19 a\u00f1os de edad, vinculado a diversos presuntos delitos de alto impacto, entre ellos el asesinato de varios taxistas en el municipio de Tlapacoyan.<\/p>\n\n\n\n<p>Expuso que se analiza la incidencia delictiva de diversos municipios como Tlapacoyan, Mart\u00ednez de la Torre, Poza Rica, Tuxpan, Tihuatl\u00e1n, entre otros donde habr\u00eda operado.<\/p>\n\n\n\n<p>El joven de apenas 19 a\u00f1os de edad est\u00e1 vinculado a tres procesos penales por cr\u00edmenes como el del 30 de agosto de 2023, en donde asesina a un hombre, el otro evento del 6 de septiembre de 2023 en contra de un taxista, pero est\u00e1n validando su participaci\u00f3n en la muerte de otro taxista el mismo d\u00eda.<\/p>\n\n\n\n<p>Asimismo, por el crimen de una persona ocurrido el 28 de abril de 2024, en el municipio de Tihuatl\u00e1n.<\/p>\n\n\n\n<p>Indic\u00f3 que alias &#8220;El Sicario&#8221; asesinaba a las personas y luego se trasladaba hacia otros municipios para no ser identificado y as\u00ed continuar con sus actividades delictivas.<\/p>\n\n\n\n<p>Puntualiz\u00f3 el trabajo de la Trilog\u00eda de Investigaci\u00f3n permiti\u00f3 identificar que &#8220;El Sicario&#8221; fue el presunto responsable de cometer los cr\u00edmenes contra los conductores de taxis, entre otros.<\/p>\n\n\n\n<p>Alias &#8220;El Sicario&#8221; fue detenido por la Secretar\u00eda de Seguridad P\u00fablica como parte de un grupo de personas el pasado 29 de abril de 2024, en el municipio de Poza Rica.<\/p>\n\n\n\n<p>En ese grupo se detuvo a cinco varones y a una mujer, quienes fueron puestos a disposici\u00f3n por el presunto delito contra las instituciones de seguridad p\u00fablica.<\/p>\n\n\n\n<p>&#8220;Uno de los detenidos es Jos\u00e9 Alberto&#8221;N&#8221;, estas seis personas fueron imputadas y est\u00e1n vinculados a proceso, sin embargo, derivado de los actos de investigaci\u00f3n se logra recabar una entrevista a un testigo de identidad resguardada, quien reconoce a Jos\u00e9 Alberto &#8220;N&#8221; como quien priv\u00f3 de manera directa con arma de fuego, el 6 de septiembre de 2023, a un masculino que manejaba un veh\u00edculo de transporte p\u00fablico en la modalidad de taxi&#8221;, se\u00f1al\u00f3.<\/p>\n\n\n\n<p>La Fiscal detall\u00f3 que Jos\u00e9 Alberto &#8220;N&#8221;, tambi\u00e9n ser\u00eda el presunto responsable por el delito de homicidio de un hombre, as\u00ed como el de lesiones a otra persona, por la comercializaci\u00f3n de narc\u00f3ticos, en el municipio de Tlapacoyan, el pasado 20 de agosto de 2023, previo al asesinato de un taxista.<\/p>\n\n\n\n<p>Otro de los delitos que habr\u00eda cometido, ser\u00eda la ejecuci\u00f3n y desmembramiento de un hombre en el municipio de Tihuatl\u00e1n, el pasado 28 de abril de 2024, un d\u00eda previo a su detenci\u00f3n.<\/p>\n\n\n\n<p>Ah\u00ed, en el lugar del hallazgo, se localiz\u00f3 una manta con un mensaje alusivo a la delincuencia organizada.<\/p>\n\n\n\n<p>&#8220;Todo lo anterior permiti\u00f3 vincular a Jos\u00e9 Alberto &#8220;N&#8221; en tres procesos penales: como presunto autor material en el homicidio de tres personas y el de lesiones dolosas en contra de una persona m\u00e1s.<\/p>\n\n\n\n<p>Asimismo, se llevan a cabo diligencias para determinar su posible participaci\u00f3n en otros hechos delictivos de alto impacto. Es importante se\u00f1alar que alias &#8220;El Sicario&#8221; cuenta con 19 a\u00f1os de edad y procede de un estado vecino a Veracruz y acud\u00eda a vender narc\u00f3ticos que compraba en otra entidad&#8221;, expuso.<\/p>\n\n\n\n<p>Hern\u00e1ndez Giand\u00e1ns abund\u00f3 que a principios de 2023, en Tlapacoyan, fue presuntamente reclutado por un grupo delictivo consistiendo su actividad en la venta de drogas y el halconeo de Tlapacoyan a Poza Rica.<\/p>\n\n\n\n<p>Posteriormente, le fue instruido desempe\u00f1arse como sicario, llevando a cabo diversas ejecuciones en la zona para escalar en la estructura delictiva si lograba m\u00e1s de 10 homicidios, por eso es que cometi\u00f3 diversos cr\u00edmenes en Tlapacoyan y Tihuatl\u00e1n con arma corta.<\/p>\n","protected":false},"excerpt":{"rendered":"<p>Dar\u00edo Pale Xalapa, Ver.- Detiene y vinculan a proceso a El Sicario, multihomicida que operaba en Tlapacoyan y otros municipios, as\u00ed lo dio al conocer la fiscal general del Estado, Ver\u00f3nica Hern\u00e1ndez Giand\u00e1ns. En conferencia de prensa inform\u00f3 que, fue detenido y vinculado a proceso Jos\u00e9 Alberto &#8220;N&#8221;, alias &#8220;El Sicario&#8221;, joven de apenas 19 [&hellip;]<\/p>\n","protected":false},"author":2476,"featured_media":56849,"comment_status":"open","ping_status":"open","sticky":false,"template":"","format":"standard","meta":{"_jetpack_memberships_contains_paid_content":false,"footnotes":""},"categories":[2],"tags":[],"class_list":["post-56848","post","type-post","status-publish","format-standard","has-post-thumbnail","hentry","category-estado"],"jetpack_featured_media_url":"https:\/\/encuentroinformativo.com.mx\/wp-content\/uploads\/2024\/07\/IMG-20240722-WA00502.jpg","jetpack_sharing_enabled":true,"jetpack_likes_enabled":true,"amp_enabled":true,"_links":{"self":[{"href":"https:\/\/encuentroinformativo.com.mx\/index.php?rest_route=\/wp\/v2\/posts\/56848","targetHints":{"allow":["GET"]}}],"collection":[{"href":"https:\/\/encuentroinformativo.com.mx\/index.php?rest_route=\/wp\/v2\/posts"}],"about":[{"href":"https:\/\/encuentroinformativo.com.mx\/index.php?rest_route=\/wp\/v2\/types\/post"}],"author":[{"embeddable":true,"href":"https:\/\/encuentroinformativo.com.mx\/index.php?rest_route=\/wp\/v2\/users\/2476"}],"replies":[{"embeddable":true,"href":"https:\/\/encuentroinformativo.com.mx\/index.php?rest_route=%2Fwp%2Fv2%2Fcomments&post=56848"}],"version-history":[{"count":1,"href":"https:\/\/encuentroinformativo.com.mx\/index.php?rest_route=\/wp\/v2\/posts\/56848\/revisions"}],"predecessor-version":[{"id":56850,"href":"https:\/\/encuentroinformativo.com.mx\/index.php?rest_route=\/wp\/v2\/posts\/56848\/revisions\/56850"}],"wp:featuredmedia":[{"embeddable":true,"href":"https:\/\/encuentroinformativo.com.mx\/index.php?rest_route=\/wp\/v2\/media\/56849"}],"wp:attachment":[{"href":"https:\/\/encuentroinformativo.com.mx\/index.php?rest_route=%2Fwp%2Fv2%2Fmedia&parent=56848"}],"wp:term":[{"taxonomy":"category","embeddable":true,"href":"https:\/\/encuentroinformativo.com.mx\/index.php?rest_route=%2Fwp%2Fv2%2Fcategories&post=56848"},{"taxonomy":"post_tag","embeddable":true,"href":"https:\/\/encuentroinformativo.com.mx\/index.php?rest_route=%2Fwp%2Fv2%2Ftags&post=56848"}],"curies":[{"name":"wp","href":"https:\/\/api.w.org\/{rel}","templated":true}]}}