{"id":5685,"date":"2020-09-09T16:25:18","date_gmt":"2020-09-09T21:25:18","guid":{"rendered":"https:\/\/encuentroinformativo.com.mx\/?p=5685"},"modified":"2020-09-09T16:25:18","modified_gmt":"2020-09-09T21:25:18","slug":"sin-fecha-para-reapertura-de-espacios-deportivos","status":"publish","type":"post","link":"https:\/\/encuentroinformativo.com.mx\/?p=5685","title":{"rendered":"Sin fecha para reapertura de espacios deportivos"},"content":{"rendered":"<p><strong>Juan Arcos<\/strong><\/p>\n<p>Coatepec, Ver.-\u00a0Pese a la demanda ciudadana para la reapertura del campo deportivo Adolfo L\u00f3pez Mateos en Coatepec, autoridades municipales a\u00fan no han definido una fecha al respecto.<\/p>\n<p>As\u00ed lo dio a conocer el coordinador de la Comisi\u00f3n Municipal del Deporte (Comude), Edgar Hern\u00e1ndez, quien a\u00f1adi\u00f3 que se acatar\u00edan las medidas necesarias para garantizar la salud de los atletas.<\/p>\n<p>El entrevistado mencion\u00f3 que se ha consolidado un protocolo sanitario para la reapertura del campo deportivo, ubicado sobre la calle Primera de Independencia n\u00famero 28, en la colonia Popular.<\/p>\n<p>Adem\u00e1s, refiri\u00f3 que la reanudaci\u00f3n de actividades deportivas depender\u00e1 del comportamiento en los casos positivos de SARS-COV-2 (COVID-19), pues a la fecha se reportan 200.<\/p>\n<p>Tambi\u00e9n coment\u00f3 que la reapertura ser\u00eda, en primera instancia, para deportes individuales y no de contacto, para evitar la propagaci\u00f3n de la enfermedad.<\/p>\n<p>el uso de cubre bocas durante la estancia ser\u00e1 obligatorio, as\u00ed como tambi\u00e9n uso de toalla facial, en el uso de la pista se utilizar\u00e1 un carril y uno quedar\u00e1 libre entre cada usuario, no se permitir\u00e1 compartir alimentos ni hidratantes\u201d, declar\u00f3.<\/p>\n<p>La Comude tambi\u00e9n ha propuesto que no se permita la entrada a ni\u00f1as, ni\u00f1os y adultos mayores de 65 a\u00f1os.<\/p>\n<p>\u201cLa afluencia diaria se reducir\u00e1 a un 30 por ciento por hora de lo que antes se establec\u00eda, los protocolos ser\u00e1n en cuatro puntos: entrada, vestidores, estancia y salida, se colocar\u00e1 se\u00f1al\u00e9tica para sana distancia\u201d, asever\u00f3.<\/p>\n","protected":false},"excerpt":{"rendered":"<p>Juan Arcos Coatepec, Ver.-\u00a0Pese a la demanda ciudadana para la reapertura del campo deportivo Adolfo L\u00f3pez Mateos en Coatepec, autoridades municipales a\u00fan no han definido una fecha al respecto. As\u00ed lo dio a conocer el coordinador de la Comisi\u00f3n Municipal del Deporte (Comude), Edgar Hern\u00e1ndez, quien a\u00f1adi\u00f3 que se acatar\u00edan las medidas necesarias para garantizar [&hellip;]<\/p>\n","protected":false},"author":1,"featured_media":5686,"comment_status":"open","ping_status":"open","sticky":false,"template":"","format":"standard","meta":{"_jetpack_memberships_contains_paid_content":false,"footnotes":""},"categories":[8],"tags":[],"class_list":["post-5685","post","type-post","status-publish","format-standard","has-post-thumbnail","hentry","category-region"],"jetpack_featured_media_url":"https:\/\/encuentroinformativo.com.mx\/wp-content\/uploads\/2020\/09\/00963E4E-B430-4578-A110-CA5D5715F041.jpeg","jetpack_sharing_enabled":true,"jetpack_likes_enabled":true,"amp_enabled":true,"_links":{"self":[{"href":"https:\/\/encuentroinformativo.com.mx\/index.php?rest_route=\/wp\/v2\/posts\/5685","targetHints":{"allow":["GET"]}}],"collection":[{"href":"https:\/\/encuentroinformativo.com.mx\/index.php?rest_route=\/wp\/v2\/posts"}],"about":[{"href":"https:\/\/encuentroinformativo.com.mx\/index.php?rest_route=\/wp\/v2\/types\/post"}],"author":[{"embeddable":true,"href":"https:\/\/encuentroinformativo.com.mx\/index.php?rest_route=\/wp\/v2\/users\/1"}],"replies":[{"embeddable":true,"href":"https:\/\/encuentroinformativo.com.mx\/index.php?rest_route=%2Fwp%2Fv2%2Fcomments&post=5685"}],"version-history":[{"count":1,"href":"https:\/\/encuentroinformativo.com.mx\/index.php?rest_route=\/wp\/v2\/posts\/5685\/revisions"}],"predecessor-version":[{"id":5687,"href":"https:\/\/encuentroinformativo.com.mx\/index.php?rest_route=\/wp\/v2\/posts\/5685\/revisions\/5687"}],"wp:featuredmedia":[{"embeddable":true,"href":"https:\/\/encuentroinformativo.com.mx\/index.php?rest_route=\/wp\/v2\/media\/5686"}],"wp:attachment":[{"href":"https:\/\/encuentroinformativo.com.mx\/index.php?rest_route=%2Fwp%2Fv2%2Fmedia&parent=5685"}],"wp:term":[{"taxonomy":"category","embeddable":true,"href":"https:\/\/encuentroinformativo.com.mx\/index.php?rest_route=%2Fwp%2Fv2%2Fcategories&post=5685"},{"taxonomy":"post_tag","embeddable":true,"href":"https:\/\/encuentroinformativo.com.mx\/index.php?rest_route=%2Fwp%2Fv2%2Ftags&post=5685"}],"curies":[{"name":"wp","href":"https:\/\/api.w.org\/{rel}","templated":true}]}}