{"id":56862,"date":"2024-07-23T13:40:22","date_gmt":"2024-07-23T19:40:22","guid":{"rendered":"https:\/\/encuentroinformativo.com.mx\/?p=56862"},"modified":"2024-07-23T13:40:30","modified_gmt":"2024-07-23T19:40:30","slug":"suman-tres-mujeres-asesinadas-en-el-sur-de-veracruz","status":"publish","type":"post","link":"https:\/\/encuentroinformativo.com.mx\/?p=56862","title":{"rendered":"Suman tres mujeres asesinadas en el sur de Veracruz"},"content":{"rendered":"\n<p><strong>Dar\u00edo Pale <\/strong><\/p>\n\n\n\n<p>Xalapa, Ver.- La noche de este lunes asesinaron a otra joven en Minatitl\u00e1n con ella suman tres asesinadas en menos de una semana en la zona sur de Veracruz, s\u00ed que hasta el momento no se haya detenido a ning\u00fan culpable.<\/p>\n\n\n\n<p>La noche de este lunes 22 de julio fue asesinada una mujer de aproximadamente 22 a\u00f1os de al menos dos impactos de bala en la colonia Insurgentes Norte, en las inmediaciones de su negocio y vivienda, en el municipio de Minatitl\u00e1n.<\/p>\n\n\n\n<p>La joven fue identificada como Anami de 37 a\u00f1os de edad el hecho se registr\u00f3 en las inmediaciones del \u00a0bar \u201cReceso\u201d que era de su propiedad y que se ubica sobre la calle Galeana, cerca de su domicilio.<\/p>\n\n\n\n<p>Al lugar arribaron r\u00e1pidamente param\u00e9dicos de Proteccion Civil de Minatitl\u00e1n para brindarle los primeros auxilios, pero lamentablemente \u00fanicamente confirmaron que la v\u00edctima ya no contaba con signos vitales debido a las lesiones que presentaba por impactos de bala.<\/p>\n\n\n\n<p>Con estos hechos, suman tres mujeres asesinadas en menos de una semana en el sur de Veracruz y hasta el momento no hay reportes de un solo detenido.\u00a0<\/p>\n\n\n\n<p>Por \u00faltimo cabe se\u00f1alar que las v\u00edctimas son, Alicia, asesinada en Acayucan; Noriko Dallana, ultimada en Coatzacoalcos, y ahora Anami en Minatitl\u00e1n.<\/p>\n","protected":false},"excerpt":{"rendered":"<p>Dar\u00edo Pale Xalapa, Ver.- La noche de este lunes asesinaron a otra joven en Minatitl\u00e1n con ella suman tres asesinadas en menos de una semana en la zona sur de Veracruz, s\u00ed que hasta el momento no se haya detenido a ning\u00fan culpable. La noche de este lunes 22 de julio fue asesinada una mujer [&hellip;]<\/p>\n","protected":false},"author":2476,"featured_media":56863,"comment_status":"open","ping_status":"open","sticky":false,"template":"","format":"standard","meta":{"_jetpack_memberships_contains_paid_content":false,"footnotes":""},"categories":[2],"tags":[],"class_list":["post-56862","post","type-post","status-publish","format-standard","has-post-thumbnail","hentry","category-estado"],"jetpack_featured_media_url":"https:\/\/encuentroinformativo.com.mx\/wp-content\/uploads\/2024\/07\/IMG-20240723-WA0007.jpg","jetpack_sharing_enabled":true,"jetpack_likes_enabled":true,"amp_enabled":true,"_links":{"self":[{"href":"https:\/\/encuentroinformativo.com.mx\/index.php?rest_route=\/wp\/v2\/posts\/56862","targetHints":{"allow":["GET"]}}],"collection":[{"href":"https:\/\/encuentroinformativo.com.mx\/index.php?rest_route=\/wp\/v2\/posts"}],"about":[{"href":"https:\/\/encuentroinformativo.com.mx\/index.php?rest_route=\/wp\/v2\/types\/post"}],"author":[{"embeddable":true,"href":"https:\/\/encuentroinformativo.com.mx\/index.php?rest_route=\/wp\/v2\/users\/2476"}],"replies":[{"embeddable":true,"href":"https:\/\/encuentroinformativo.com.mx\/index.php?rest_route=%2Fwp%2Fv2%2Fcomments&post=56862"}],"version-history":[{"count":1,"href":"https:\/\/encuentroinformativo.com.mx\/index.php?rest_route=\/wp\/v2\/posts\/56862\/revisions"}],"predecessor-version":[{"id":56864,"href":"https:\/\/encuentroinformativo.com.mx\/index.php?rest_route=\/wp\/v2\/posts\/56862\/revisions\/56864"}],"wp:featuredmedia":[{"embeddable":true,"href":"https:\/\/encuentroinformativo.com.mx\/index.php?rest_route=\/wp\/v2\/media\/56863"}],"wp:attachment":[{"href":"https:\/\/encuentroinformativo.com.mx\/index.php?rest_route=%2Fwp%2Fv2%2Fmedia&parent=56862"}],"wp:term":[{"taxonomy":"category","embeddable":true,"href":"https:\/\/encuentroinformativo.com.mx\/index.php?rest_route=%2Fwp%2Fv2%2Fcategories&post=56862"},{"taxonomy":"post_tag","embeddable":true,"href":"https:\/\/encuentroinformativo.com.mx\/index.php?rest_route=%2Fwp%2Fv2%2Ftags&post=56862"}],"curies":[{"name":"wp","href":"https:\/\/api.w.org\/{rel}","templated":true}]}}