{"id":56865,"date":"2024-07-23T13:50:14","date_gmt":"2024-07-23T19:50:14","guid":{"rendered":"https:\/\/encuentroinformativo.com.mx\/?p=56865"},"modified":"2024-07-23T13:50:20","modified_gmt":"2024-07-23T19:50:20","slug":"veracruz-y-xalapa-referentes-culturales-a-nivel-internacional","status":"publish","type":"post","link":"https:\/\/encuentroinformativo.com.mx\/?p=56865","title":{"rendered":"Veracruz y Xalapa, referentes culturales a nivel internacional"},"content":{"rendered":"\n<p><strong>Dar\u00edo Pale <\/strong><\/p>\n\n\n\n<p>Xalapa, Ver.- M\u00e9xico s\u00ed ve al cine como un negocio, Veracruz y Xalapa, referentes culturales a nivel internacional, si bien es cierto el cine es un modelo de negocio firme, tambi\u00e9n es un instrumento de promoci\u00f3n tur\u00edstica, por ello, <em>The<\/em> <em>Campos Films Company <\/em>anunci\u00f3 este d\u00eda la apertura de una divisi\u00f3n de documentales.<\/p>\n\n\n\n<p>En conferencia de prensa, el actor Ariel L\u00f3pez Padilla, subray\u00f3 que el trabajo f\u00edlmico tambi\u00e9n es un trabajo profundamente cultural, para lo cual se necesita sumar muchas voluntades.<\/p>\n\n\n\n<p>&#8220;Veracruz, especialmente Xalapa, es un referente cultural internacional, yo creo que puede ser un punto de partida para una invitaci\u00f3n a nivel nacional&#8221;, destac\u00f3.<\/p>\n\n\n\n<p>Defini\u00f3 que un documental es una herramienta para dar visibilidad a los retos del entorno, es a trav\u00e9s del arte f\u00edlmico como se puede dar una visi\u00f3n universal.<\/p>\n\n\n\n<p>&#8220;<em>Campos Films<\/em> somos una empresa que le apuesta al talento de Veracruz, al talento mexicano y sumar a los talentos que coincidan y busquen en el arte f\u00edlmico el desarrollo humano, porque el cine nos da la mirada \u00fanica de nosotros mismos&#8221;, agreg\u00f3.<\/p>\n\n\n\n<p>Por otra parte Aar\u00f3n L. Campos, expuso que a ra\u00edz de la pandemia nacieron casas productoras, adem\u00e1s de que diversas econ\u00f3micas se fueron fortaleciendo a partir de la industria del entretenimiento.<\/p>\n\n\n\n<p>Destac\u00f3 que el cine y el entretenimiento est\u00e1n muy consolidados financieramente, incluso en 2023 se produjeron 241 pel\u00edculas en nuestro pa\u00eds.<\/p>\n\n\n\n<p>Asever\u00f3 que mucha de la producci\u00f3n en M\u00e9xico obedece al est\u00edmulo fiscal que es un instrumento hacendario que le permite a un empresario deducir el 20 por ciento de una pel\u00edcula.<\/p>\n\n\n\n<p>&#8220;Hay un rubro muy importante en M\u00e9xico que s\u00ed est\u00e1 viendo al cine como un negocio, que s\u00ed lo est\u00e1 viendo como una l\u00ednea firme econ\u00f3mica y est\u00e1n los que han dado el paso y que Veracruz todav\u00eda no lo ha dado&#8221;, manifest\u00f3.<\/p>\n\n\n\n<p>El productor indic\u00f3 que la oportunidad de negocio va de la mano con la promoci\u00f3n tur\u00edstica de la regi\u00f3n.<\/p>\n\n\n\n<p>Puntualiz\u00f3 que en 2023, 14 documentales entraron en postproducci\u00f3n, mientras que 57 fueron terminados, lo cual habla de una l\u00ednea econ\u00f3mica firme, adem\u00e1s de que hay una audiencia que lo est\u00e1 consumiendo.<\/p>\n\n\n\n<p>Destacaron que la divisi\u00f3n de documentales ser\u00e1 encabezada por Altas Monta\u00f1as, una pel\u00edcula documental cuya propuesta visual suma a la historia documental del Pico de Orizaba, la cual entrar\u00e1 en producci\u00f3n en 2025.<\/p>\n\n\n\n<p>Finalmente <em>Campos Films<\/em> es una empresa veracruzana con dos l\u00edneas de acci\u00f3n, la generaci\u00f3n de contenido original y servicios f\u00edlmicos, activamente promueve Veracruz como un destino f\u00edlmico para la industria del entretenimiento, as\u00ed como un potente desarrollador de talentos.<\/p>\n","protected":false},"excerpt":{"rendered":"<p>Dar\u00edo Pale Xalapa, Ver.- M\u00e9xico s\u00ed ve al cine como un negocio, Veracruz y Xalapa, referentes culturales a nivel internacional, si bien es cierto el cine es un modelo de negocio firme, tambi\u00e9n es un instrumento de promoci\u00f3n tur\u00edstica, por ello, The Campos Films Company anunci\u00f3 este d\u00eda la apertura de una divisi\u00f3n de documentales. [&hellip;]<\/p>\n","protected":false},"author":2476,"featured_media":56866,"comment_status":"open","ping_status":"open","sticky":false,"template":"","format":"standard","meta":{"_jetpack_memberships_contains_paid_content":false,"footnotes":""},"categories":[2],"tags":[],"class_list":["post-56865","post","type-post","status-publish","format-standard","has-post-thumbnail","hentry","category-estado"],"jetpack_featured_media_url":"https:\/\/encuentroinformativo.com.mx\/wp-content\/uploads\/2024\/07\/IMG-20240723-WA0016.jpg","jetpack_sharing_enabled":true,"jetpack_likes_enabled":true,"amp_enabled":true,"_links":{"self":[{"href":"https:\/\/encuentroinformativo.com.mx\/index.php?rest_route=\/wp\/v2\/posts\/56865","targetHints":{"allow":["GET"]}}],"collection":[{"href":"https:\/\/encuentroinformativo.com.mx\/index.php?rest_route=\/wp\/v2\/posts"}],"about":[{"href":"https:\/\/encuentroinformativo.com.mx\/index.php?rest_route=\/wp\/v2\/types\/post"}],"author":[{"embeddable":true,"href":"https:\/\/encuentroinformativo.com.mx\/index.php?rest_route=\/wp\/v2\/users\/2476"}],"replies":[{"embeddable":true,"href":"https:\/\/encuentroinformativo.com.mx\/index.php?rest_route=%2Fwp%2Fv2%2Fcomments&post=56865"}],"version-history":[{"count":1,"href":"https:\/\/encuentroinformativo.com.mx\/index.php?rest_route=\/wp\/v2\/posts\/56865\/revisions"}],"predecessor-version":[{"id":56867,"href":"https:\/\/encuentroinformativo.com.mx\/index.php?rest_route=\/wp\/v2\/posts\/56865\/revisions\/56867"}],"wp:featuredmedia":[{"embeddable":true,"href":"https:\/\/encuentroinformativo.com.mx\/index.php?rest_route=\/wp\/v2\/media\/56866"}],"wp:attachment":[{"href":"https:\/\/encuentroinformativo.com.mx\/index.php?rest_route=%2Fwp%2Fv2%2Fmedia&parent=56865"}],"wp:term":[{"taxonomy":"category","embeddable":true,"href":"https:\/\/encuentroinformativo.com.mx\/index.php?rest_route=%2Fwp%2Fv2%2Fcategories&post=56865"},{"taxonomy":"post_tag","embeddable":true,"href":"https:\/\/encuentroinformativo.com.mx\/index.php?rest_route=%2Fwp%2Fv2%2Ftags&post=56865"}],"curies":[{"name":"wp","href":"https:\/\/api.w.org\/{rel}","templated":true}]}}