{"id":56879,"date":"2024-07-23T16:19:00","date_gmt":"2024-07-23T22:19:00","guid":{"rendered":"https:\/\/encuentroinformativo.com.mx\/?p=56879"},"modified":"2024-07-23T16:19:07","modified_gmt":"2024-07-23T22:19:07","slug":"buscan-a-joven-desaparecida-en-puente-nacional-hoy-cumple-la-mayoria-de-edad","status":"publish","type":"post","link":"https:\/\/encuentroinformativo.com.mx\/?p=56879","title":{"rendered":"Buscan a joven desaparecida en Puente Nacional, hoy cumple la mayor\u00eda de edad"},"content":{"rendered":"\n<p><strong>Alejandro \u00c1vila<\/strong><\/p>\n\n\n\n<p>Puente Nacional, Ver.- Lejos del pastel, los abrazos y los regalos, la familia de Ariana Guti\u00e9rrez Le\u00f3n contin\u00faa en su b\u00fasqueda, pues fue reportada como desaparecida el pasado 20 de julio.<\/p>\n\n\n\n<p>De la joven estudiante que este 23 de julio cumple 18 a\u00f1os de edad, no se conoce su paradero desde hace 3 d\u00edas, su \u00faltima ubicaci\u00f3n fue en la localidad de Chichicaxtle perteneciente al municipio de Puente Nacional.<\/p>\n\n\n\n<p>Los padres de la joven, Elizabeth Le\u00f3n Garc\u00eda y Rodolfo Octavio Guti\u00e9rrez, han preguntado a amigos y vecinos de su paradero e incluso, han publicado en redes sociales fotograf\u00edas con la leyenda de &#8220;Se Busca&#8221;.<\/p>\n\n\n\n<p>\u201cYo solo tuve contacto con ella el viernes, nos acostamos y ya al despertar, yo despert\u00e9 y cuando yo despert\u00e9, ella ya no estaba\u201d, explic\u00f3 Elizabeth Le\u00f3n Garc\u00eda.<\/p>\n\n\n\n<p>Tras pasar 24 horas, el domingo 21 de julio acudieron ante las autoridades para presentar la denuncia de su desaparici\u00f3n.<\/p>\n\n\n\n<p>Explicaron que fueron remitidos ante la Fiscal\u00eda Especializada en Desaparici\u00f3n de Personas, en la ciudad de Veracruz, mismas que hasta el lunes 22 de julio aplic\u00f3 el Protocolo Alba, el cual es un proceso para la atenci\u00f3n, reacci\u00f3n y coordinaci\u00f3n cuando existe el extrav\u00edo de mujeres y ni\u00f1as.<\/p>\n\n\n\n<p>\u201cPara empezar realmente, lo que queremos saber si est\u00e1 viva porque desconocemos desde ese momento algo de ella, para ver d\u00f3nde est\u00e1, con qui\u00e9n est\u00e1, lo que queremos saber realmente es si est\u00e1 viva\u201d, pidi\u00f3 el padre.<\/p>\n\n\n\n<p>Ariana tiene una estatura de 1.73 metros, pesa 64 kilos, piel morena clara, ella usa bracket, cabello negro lacio a la altura de los hombros, ojos medianos, un lunar tipo mancha del lado derecho entre o\u00eddo y mejilla, la nariz recta y adem\u00e1s de eso tiene un lunar de bolita del lado derecho de la nariz.<\/p>\n\n\n\n<p>\u201cVest\u00eda con un pantal\u00f3n negro, botas blancas y de plataforma, y no encontr\u00e9 un vestido rosado de manga, es lo que yo hasta ahorita he notado y sus documentos se llev\u00f3. El aparato celular se qued\u00f3 aqu\u00ed con nosotros, no tenemos manera de comunicarnos\u201d, a\u00f1adi\u00f3 la madre.<\/p>\n\n\n\n<p>En Veracruz, durante el primer semestre del 2024 se tiene registro de 309 casos de mujeres desaparecidas, de las cuales 136 a\u00fan permanecen en no localizadas.<\/p>\n","protected":false},"excerpt":{"rendered":"<p>Alejandro \u00c1vila Puente Nacional, Ver.- Lejos del pastel, los abrazos y los regalos, la familia de Ariana Guti\u00e9rrez Le\u00f3n contin\u00faa en su b\u00fasqueda, pues fue reportada como desaparecida el pasado 20 de julio. De la joven estudiante que este 23 de julio cumple 18 a\u00f1os de edad, no se conoce su paradero desde hace 3 [&hellip;]<\/p>\n","protected":false},"author":2476,"featured_media":56880,"comment_status":"open","ping_status":"open","sticky":false,"template":"","format":"standard","meta":{"_jetpack_memberships_contains_paid_content":false,"footnotes":""},"categories":[8],"tags":[],"class_list":["post-56879","post","type-post","status-publish","format-standard","has-post-thumbnail","hentry","category-region"],"jetpack_featured_media_url":"https:\/\/encuentroinformativo.com.mx\/wp-content\/uploads\/2024\/07\/IMG-20240723-WA00512.jpg","jetpack_sharing_enabled":true,"jetpack_likes_enabled":true,"amp_enabled":true,"_links":{"self":[{"href":"https:\/\/encuentroinformativo.com.mx\/index.php?rest_route=\/wp\/v2\/posts\/56879","targetHints":{"allow":["GET"]}}],"collection":[{"href":"https:\/\/encuentroinformativo.com.mx\/index.php?rest_route=\/wp\/v2\/posts"}],"about":[{"href":"https:\/\/encuentroinformativo.com.mx\/index.php?rest_route=\/wp\/v2\/types\/post"}],"author":[{"embeddable":true,"href":"https:\/\/encuentroinformativo.com.mx\/index.php?rest_route=\/wp\/v2\/users\/2476"}],"replies":[{"embeddable":true,"href":"https:\/\/encuentroinformativo.com.mx\/index.php?rest_route=%2Fwp%2Fv2%2Fcomments&post=56879"}],"version-history":[{"count":1,"href":"https:\/\/encuentroinformativo.com.mx\/index.php?rest_route=\/wp\/v2\/posts\/56879\/revisions"}],"predecessor-version":[{"id":56881,"href":"https:\/\/encuentroinformativo.com.mx\/index.php?rest_route=\/wp\/v2\/posts\/56879\/revisions\/56881"}],"wp:featuredmedia":[{"embeddable":true,"href":"https:\/\/encuentroinformativo.com.mx\/index.php?rest_route=\/wp\/v2\/media\/56880"}],"wp:attachment":[{"href":"https:\/\/encuentroinformativo.com.mx\/index.php?rest_route=%2Fwp%2Fv2%2Fmedia&parent=56879"}],"wp:term":[{"taxonomy":"category","embeddable":true,"href":"https:\/\/encuentroinformativo.com.mx\/index.php?rest_route=%2Fwp%2Fv2%2Fcategories&post=56879"},{"taxonomy":"post_tag","embeddable":true,"href":"https:\/\/encuentroinformativo.com.mx\/index.php?rest_route=%2Fwp%2Fv2%2Ftags&post=56879"}],"curies":[{"name":"wp","href":"https:\/\/api.w.org\/{rel}","templated":true}]}}