{"id":56889,"date":"2024-07-23T14:28:49","date_gmt":"2024-07-23T20:28:49","guid":{"rendered":"https:\/\/encuentroinformativo.com.mx\/?p=56889"},"modified":"2024-07-23T18:38:53","modified_gmt":"2024-07-24T00:38:53","slug":"convocan-a-marcha-contra-el-maltrato-animal","status":"publish","type":"post","link":"https:\/\/encuentroinformativo.com.mx\/?p=56889","title":{"rendered":"Convocan a marcha contra el maltrato animal"},"content":{"rendered":"\n<p><strong>Dar\u00edo Pale <\/strong><\/p>\n\n\n\n<p>Xalapa, Ver.- Realizar\u00e1n marcha para hacer conciencia sobre el Maltrato Animal, saldr\u00e1 del Teatro del Estado y llegar\u00e1n a Plaza Lerdo, se les invita a donar alimento o productos de limpieza y acudir con vestimenta blanca y distintivo naranja.<\/p>\n\n\n\n<p>En entrevista Naxhieli Guadalupe S\u00e1nchez Mendoza, animalista dio a conocer que el pr\u00f3ximo 27 de Julio se llevar\u00e1 a cabo la marcha #EsPorEllos con motivo del D\u00eda Mundial del Perro Callejero, a las 10:00 de la ma\u00f1ana la cual tendr\u00e1 como punto de salida el Teatro del Estado hacia Plaza Lerdo, el objetivo es hacer conciencia sobre el maltrato animal.\u00a0<\/p>\n\n\n\n<p>\u201cEs una marcha apartidista, es una marcha con la intenci\u00f3n de llegar al coraz\u00f3n de las personas y crear conciencia, es una marcha que nace desde el amor y donde caben todas las familias\u201d, se\u00f1al\u00f3.<\/p>\n\n\n\n<p>A los asistentes se les pide realizar una aportaci\u00f3n en especie, ya sea un kilo de alimento u producto de limpieza, los cuales se van a donar al albergue<strong> \u201cOrejitas Peludas soy tu voz\u201d <\/strong>y en caso de que se logre una gran recaudaci\u00f3n se compartir\u00e1 lo obtenido con otros dos albergues m\u00e1s.\u00a0<\/p>\n\n\n\n<p>\u201cEsperamos que la respuesta de la sociedad sea grande para poder beneficiar a otros albergues\u201d, coment\u00f3.<\/p>\n\n\n\n<p>Finalmente invit\u00f3 a la poblaci\u00f3n que acuda que porten una vestimenta blanca con un distintivo naranja dado que ese es el color del no maltrato animal, adem\u00e1s se recomienda que no lleven a sus mascotas, para no exponerlos al sol tanto tiempo, adem\u00e1s de que la ley lo proh\u00edbe.<\/p>\n","protected":false},"excerpt":{"rendered":"<p>Dar\u00edo Pale Xalapa, Ver.- Realizar\u00e1n marcha para hacer conciencia sobre el Maltrato Animal, saldr\u00e1 del Teatro del Estado y llegar\u00e1n a Plaza Lerdo, se les invita a donar alimento o productos de limpieza y acudir con vestimenta blanca y distintivo naranja. En entrevista Naxhieli Guadalupe S\u00e1nchez Mendoza, animalista dio a conocer que el pr\u00f3ximo 27 [&hellip;]<\/p>\n","protected":false},"author":2476,"featured_media":56890,"comment_status":"open","ping_status":"open","sticky":false,"template":"","format":"standard","meta":{"_jetpack_memberships_contains_paid_content":false,"footnotes":""},"categories":[3],"tags":[],"class_list":["post-56889","post","type-post","status-publish","format-standard","has-post-thumbnail","hentry","category-xalapa"],"jetpack_featured_media_url":"https:\/\/encuentroinformativo.com.mx\/wp-content\/uploads\/2024\/07\/IMG-20240723-WA0050.jpg","jetpack_sharing_enabled":true,"jetpack_likes_enabled":true,"amp_enabled":true,"_links":{"self":[{"href":"https:\/\/encuentroinformativo.com.mx\/index.php?rest_route=\/wp\/v2\/posts\/56889","targetHints":{"allow":["GET"]}}],"collection":[{"href":"https:\/\/encuentroinformativo.com.mx\/index.php?rest_route=\/wp\/v2\/posts"}],"about":[{"href":"https:\/\/encuentroinformativo.com.mx\/index.php?rest_route=\/wp\/v2\/types\/post"}],"author":[{"embeddable":true,"href":"https:\/\/encuentroinformativo.com.mx\/index.php?rest_route=\/wp\/v2\/users\/2476"}],"replies":[{"embeddable":true,"href":"https:\/\/encuentroinformativo.com.mx\/index.php?rest_route=%2Fwp%2Fv2%2Fcomments&post=56889"}],"version-history":[{"count":1,"href":"https:\/\/encuentroinformativo.com.mx\/index.php?rest_route=\/wp\/v2\/posts\/56889\/revisions"}],"predecessor-version":[{"id":56891,"href":"https:\/\/encuentroinformativo.com.mx\/index.php?rest_route=\/wp\/v2\/posts\/56889\/revisions\/56891"}],"wp:featuredmedia":[{"embeddable":true,"href":"https:\/\/encuentroinformativo.com.mx\/index.php?rest_route=\/wp\/v2\/media\/56890"}],"wp:attachment":[{"href":"https:\/\/encuentroinformativo.com.mx\/index.php?rest_route=%2Fwp%2Fv2%2Fmedia&parent=56889"}],"wp:term":[{"taxonomy":"category","embeddable":true,"href":"https:\/\/encuentroinformativo.com.mx\/index.php?rest_route=%2Fwp%2Fv2%2Fcategories&post=56889"},{"taxonomy":"post_tag","embeddable":true,"href":"https:\/\/encuentroinformativo.com.mx\/index.php?rest_route=%2Fwp%2Fv2%2Ftags&post=56889"}],"curies":[{"name":"wp","href":"https:\/\/api.w.org\/{rel}","templated":true}]}}