{"id":56892,"date":"2024-07-23T18:48:34","date_gmt":"2024-07-24T00:48:34","guid":{"rendered":"https:\/\/encuentroinformativo.com.mx\/?p=56892"},"modified":"2024-07-23T18:48:43","modified_gmt":"2024-07-24T00:48:43","slug":"presentara-diputado-propuestas-de-mejora-al-orfis","status":"publish","type":"post","link":"https:\/\/encuentroinformativo.com.mx\/?p=56892","title":{"rendered":"Presentar\u00e1 diputado propuestas de mejora al ORFIS"},"content":{"rendered":"\n<p><strong>Dar\u00edo Pale <\/strong><\/p>\n\n\n\n<p>Xalapa, Ver.- Antes de culminar su gesti\u00f3n como diputado local en esta Legislatura local, realizar\u00e1 una lista de las acciones a mejorar por parte del \u00d3rgano de Fiscalizaci\u00f3n Superior ORFIS, as\u00ed lo dio a conocer el presidente de la Comisi\u00f3n de Vigilancia en el Congreso del Estado, Rafael Fararoni Maga\u00f1a.<\/p>\n\n\n\n<p>En entrevista se\u00f1al\u00f3 que, \u201cyo antes de que acabe la legislatura como presidente voy hacer un informe y dar mi valoraci\u00f3n sobre lo que hay que mejorar, casi como un informe de entrega de lo que yo opino cu\u00e1les son los temas que el ORFIS tiene que mejorar\u201d.<\/p>\n\n\n\n<p>Dijo que esperara a que se culmine la revisi\u00f3n de la cuenta p\u00fablica 2023 para poder emitir una opini\u00f3n del trabajo realizado por el Organismo en todo este tiempo.\u00a0<\/p>\n\n\n\n<p>\u201cDespu\u00e9s de la cuenta p\u00fablica se entrega en septiembre, despu\u00e9s la aprobamos los diputados y por ah\u00ed de octubre yo creo que como presidente y acabando la legislatura har\u00e9 una serie de sugerencias y de observaciones que yo creo que se tienen que mejorar tanto el desempe\u00f1o del ORFIS como de la titular\u201d, se\u00f1al\u00f3.<\/p>\n\n\n\n<p>Por \u00faltimo coment\u00f3 que este informe con observaciones le ser\u00e1 entregado a la titular del ORFIS Delia Cobos e incluso las har\u00e1 p\u00fablicas con la finalidad de ayudar a mejorar el trabajo que desempe\u00f1an.<\/p>\n","protected":false},"excerpt":{"rendered":"<p>Dar\u00edo Pale Xalapa, Ver.- Antes de culminar su gesti\u00f3n como diputado local en esta Legislatura local, realizar\u00e1 una lista de las acciones a mejorar por parte del \u00d3rgano de Fiscalizaci\u00f3n Superior ORFIS, as\u00ed lo dio a conocer el presidente de la Comisi\u00f3n de Vigilancia en el Congreso del Estado, Rafael Fararoni Maga\u00f1a. En entrevista se\u00f1al\u00f3 [&hellip;]<\/p>\n","protected":false},"author":2476,"featured_media":56893,"comment_status":"open","ping_status":"open","sticky":false,"template":"","format":"standard","meta":{"_jetpack_memberships_contains_paid_content":false,"footnotes":""},"categories":[2],"tags":[],"class_list":["post-56892","post","type-post","status-publish","format-standard","has-post-thumbnail","hentry","category-estado"],"jetpack_featured_media_url":"https:\/\/encuentroinformativo.com.mx\/wp-content\/uploads\/2024\/07\/IMG-20240723-WA0077.jpg","jetpack_sharing_enabled":true,"jetpack_likes_enabled":true,"amp_enabled":true,"_links":{"self":[{"href":"https:\/\/encuentroinformativo.com.mx\/index.php?rest_route=\/wp\/v2\/posts\/56892","targetHints":{"allow":["GET"]}}],"collection":[{"href":"https:\/\/encuentroinformativo.com.mx\/index.php?rest_route=\/wp\/v2\/posts"}],"about":[{"href":"https:\/\/encuentroinformativo.com.mx\/index.php?rest_route=\/wp\/v2\/types\/post"}],"author":[{"embeddable":true,"href":"https:\/\/encuentroinformativo.com.mx\/index.php?rest_route=\/wp\/v2\/users\/2476"}],"replies":[{"embeddable":true,"href":"https:\/\/encuentroinformativo.com.mx\/index.php?rest_route=%2Fwp%2Fv2%2Fcomments&post=56892"}],"version-history":[{"count":1,"href":"https:\/\/encuentroinformativo.com.mx\/index.php?rest_route=\/wp\/v2\/posts\/56892\/revisions"}],"predecessor-version":[{"id":56894,"href":"https:\/\/encuentroinformativo.com.mx\/index.php?rest_route=\/wp\/v2\/posts\/56892\/revisions\/56894"}],"wp:featuredmedia":[{"embeddable":true,"href":"https:\/\/encuentroinformativo.com.mx\/index.php?rest_route=\/wp\/v2\/media\/56893"}],"wp:attachment":[{"href":"https:\/\/encuentroinformativo.com.mx\/index.php?rest_route=%2Fwp%2Fv2%2Fmedia&parent=56892"}],"wp:term":[{"taxonomy":"category","embeddable":true,"href":"https:\/\/encuentroinformativo.com.mx\/index.php?rest_route=%2Fwp%2Fv2%2Fcategories&post=56892"},{"taxonomy":"post_tag","embeddable":true,"href":"https:\/\/encuentroinformativo.com.mx\/index.php?rest_route=%2Fwp%2Fv2%2Ftags&post=56892"}],"curies":[{"name":"wp","href":"https:\/\/api.w.org\/{rel}","templated":true}]}}