{"id":56895,"date":"2024-07-23T18:56:15","date_gmt":"2024-07-24T00:56:15","guid":{"rendered":"https:\/\/encuentroinformativo.com.mx\/?p=56895"},"modified":"2024-07-23T18:56:22","modified_gmt":"2024-07-24T00:56:22","slug":"permanencia-de-titular-de-fiscalia-dependera-de-rocio-nahle-diputado","status":"publish","type":"post","link":"https:\/\/encuentroinformativo.com.mx\/?p=56895","title":{"rendered":"Permanencia de titular de Fiscal\u00eda depender\u00e1 de Roc\u00edo Nahle: Diputado"},"content":{"rendered":"\n<p><strong>Dar\u00edo Pale<\/strong><\/p>\n\n\n\n<p>Xalapa, Ver.- Es &#8220;dif\u00edcil&#8221; que la fiscal general del Estado, Ver\u00f3nica Hern\u00e1ndez Giad\u00e1ns, siga en su puesto si no tiene el apoyo de la gobernadora electa Roc\u00edo Nahle Garc\u00eda, as\u00ed lo dio a conocer el diputado local Sergio Guzm\u00e1n Ric\u00e1rdez.<\/p>\n\n\n\n<p>En entrevista se\u00f1al\u00f3 que, &#8220;si no hay apoyo, va a ser complicado&#8221;, afirm\u00f3, adem\u00e1s, mencion\u00f3 que esperar\u00e1 para ver si alguien propone una reforma para que el pr\u00f3ximo fiscal general est\u00e9 en el cargo por seis a\u00f1os en lugar de nueve, como es el caso actualmente.<\/p>\n\n\n\n<p>Guzm\u00e1n Ric\u00e1rdez reconoci\u00f3 que la fiscal ha mostrado resultados visibles y que no necesitan ser cuestionados.<\/p>\n\n\n\n<p>&#8220;Si la ratifican o no, no es una situaci\u00f3n personal ni del Legislativo, depender\u00e1 de la persona que en pocos meses va asumir la responsabilidad del gobierno del Estado&#8221;, coment\u00f3.<\/p>\n\n\n\n<p>Hay que recordar que la gobernadora Electa, Roc\u00edo Nahle, cuestion\u00f3 la efectividad de la labor de la Fiscal, debido a que despu\u00e9s de 3 a\u00f1os no se haya dado resultados por los casos de Miguel \u00c1ngel Yunes M\u00e1rquez y Fernando Yunes M\u00e1rquez.\u00a0<\/p>\n\n\n\n<p>Por otro lado, el diputado expres\u00f3 su pesar por la muerte de la menor Zafiro Guadalupe, de 6 a\u00f1os, quien falleci\u00f3 el domingo 21 de julio tras ser atropellada por un automovilista en Coatzacoalcos.<\/p>\n\n\n\n<p>Tambi\u00e9n lament\u00f3 el feminicidio de Noriko Dallana, una joven pasante de enfermer\u00eda que fue agredida a balazos por su exnovio cerca de una cl\u00ednica del IMSS en Coatzacoalcos, por lo que el legislador opin\u00f3 que la Fiscal\u00eda General del Estado (FGE) determinar\u00e1 si hay responsabilidades en ambos casos.<\/p>\n\n\n\n<p>&#8220;Sabemos que la Fiscal\u00eda est\u00e1 trabajando en su investigaci\u00f3n&#8221;, a\u00f1adi\u00f3.<\/p>\n\n\n\n<p>Finalmente Guzm\u00e1n Ric\u00e1rdez destac\u00f3 que el actual Gobierno se ha dedicado a seguir de cerca casos lamentables como estos.<\/p>\n","protected":false},"excerpt":{"rendered":"<p>Dar\u00edo Pale Xalapa, Ver.- Es &#8220;dif\u00edcil&#8221; que la fiscal general del Estado, Ver\u00f3nica Hern\u00e1ndez Giad\u00e1ns, siga en su puesto si no tiene el apoyo de la gobernadora electa Roc\u00edo Nahle Garc\u00eda, as\u00ed lo dio a conocer el diputado local Sergio Guzm\u00e1n Ric\u00e1rdez. En entrevista se\u00f1al\u00f3 que, &#8220;si no hay apoyo, va a ser complicado&#8221;, afirm\u00f3, [&hellip;]<\/p>\n","protected":false},"author":2476,"featured_media":56896,"comment_status":"open","ping_status":"open","sticky":false,"template":"","format":"standard","meta":{"_jetpack_memberships_contains_paid_content":false,"footnotes":""},"categories":[2],"tags":[],"class_list":["post-56895","post","type-post","status-publish","format-standard","has-post-thumbnail","hentry","category-estado"],"jetpack_featured_media_url":"https:\/\/encuentroinformativo.com.mx\/wp-content\/uploads\/2024\/07\/IMG-20240723-WA0052.jpg","jetpack_sharing_enabled":true,"jetpack_likes_enabled":true,"amp_enabled":true,"_links":{"self":[{"href":"https:\/\/encuentroinformativo.com.mx\/index.php?rest_route=\/wp\/v2\/posts\/56895","targetHints":{"allow":["GET"]}}],"collection":[{"href":"https:\/\/encuentroinformativo.com.mx\/index.php?rest_route=\/wp\/v2\/posts"}],"about":[{"href":"https:\/\/encuentroinformativo.com.mx\/index.php?rest_route=\/wp\/v2\/types\/post"}],"author":[{"embeddable":true,"href":"https:\/\/encuentroinformativo.com.mx\/index.php?rest_route=\/wp\/v2\/users\/2476"}],"replies":[{"embeddable":true,"href":"https:\/\/encuentroinformativo.com.mx\/index.php?rest_route=%2Fwp%2Fv2%2Fcomments&post=56895"}],"version-history":[{"count":1,"href":"https:\/\/encuentroinformativo.com.mx\/index.php?rest_route=\/wp\/v2\/posts\/56895\/revisions"}],"predecessor-version":[{"id":56897,"href":"https:\/\/encuentroinformativo.com.mx\/index.php?rest_route=\/wp\/v2\/posts\/56895\/revisions\/56897"}],"wp:featuredmedia":[{"embeddable":true,"href":"https:\/\/encuentroinformativo.com.mx\/index.php?rest_route=\/wp\/v2\/media\/56896"}],"wp:attachment":[{"href":"https:\/\/encuentroinformativo.com.mx\/index.php?rest_route=%2Fwp%2Fv2%2Fmedia&parent=56895"}],"wp:term":[{"taxonomy":"category","embeddable":true,"href":"https:\/\/encuentroinformativo.com.mx\/index.php?rest_route=%2Fwp%2Fv2%2Fcategories&post=56895"},{"taxonomy":"post_tag","embeddable":true,"href":"https:\/\/encuentroinformativo.com.mx\/index.php?rest_route=%2Fwp%2Fv2%2Ftags&post=56895"}],"curies":[{"name":"wp","href":"https:\/\/api.w.org\/{rel}","templated":true}]}}