{"id":56898,"date":"2024-07-23T19:07:07","date_gmt":"2024-07-24T01:07:07","guid":{"rendered":"https:\/\/encuentroinformativo.com.mx\/?p=56898"},"modified":"2024-07-23T19:07:27","modified_gmt":"2024-07-24T01:07:27","slug":"defienden-permanencia-de-albergue-ada-azul","status":"publish","type":"post","link":"https:\/\/encuentroinformativo.com.mx\/?p=56898","title":{"rendered":"Defienden permanencia de albergue Ada Azul"},"content":{"rendered":"\n<p><strong>Dar\u00edo Pale <\/strong><\/p>\n\n\n\n<p>Xalapa, Ver.- La direccion del Medio Ambiente del ayuntamiento de Xalapa, encabezada por Ana Isabel Guevara Escobar, llev\u00f3 a cabo un operativo para notificar al albergue Ada Azul qu\u00e9 se llevar\u00e1 a cabo la clausura del lugar, as\u00ed lo inform\u00f3 la encargada del albergue, Azul Fern\u00e1ndez.<\/p>\n\n\n\n<p>Entrevistada durante una manifestaci\u00f3n en el palacio municipal, dijo sentirse sorprendida de tal operativo que fue realizado por personal de la Direcci\u00f3n de Seguridad Ciudadana y Tr\u00e1nsito, as\u00ed como de la Comisi\u00f3n Municipal de Agua y Saneamiento (CMAS), una Brigada de Vigilancia Animal, y de la Direcci\u00f3n del Medio Ambiente.\u00a0<\/p>\n\n\n\n<p>Y es que la activista, asegur\u00f3 que ya exist\u00eda un acuerdo con el alcalde de Xalapa, Ricardo Ahued Bardahuil para la \u00a0reubicaci\u00f3n del lugar en el rancho La Palma en El Castillo.\u00a0<\/p>\n\n\n\n<p>Asimismo, se\u00f1al\u00f3 que el lugar resguarda a casi 300 perros y que el d\u00eda de ma\u00f1ana podr\u00edan ser desalojados a la calle.\u00a0<\/p>\n\n\n\n<p>Dio a conocer que las quejas provienen de los vecinos del fraccionamiento residencial Del Lago, quienes han pedido el desalojo del albergue, pues adem\u00e1s se argumenta qu\u00e9 los desechos del albergue est\u00e1n contaminando un r\u00edo, aunque ella consider\u00f3 que se trata de un ca\u00f1o de aguas negras.\u00a0<\/p>\n\n\n\n<p>En este sentido, asegur\u00f3 que en su momento intentaron poner un drenaje adecuado, no obstante dijo que se les indic\u00f3 que el lugar no era el \u00f3ptimo para el albergue, de ah\u00ed que buscaran el apoyo del gobierno.\u00a0<\/p>\n\n\n\n<p>Finalmente dio a conocer que el d\u00eda de ma\u00f1ana regresar\u00e1n autoridades del ayuntamiento para llevar a cabo el desalojo del albergue.<\/p>\n","protected":false},"excerpt":{"rendered":"<p>Dar\u00edo Pale Xalapa, Ver.- La direccion del Medio Ambiente del ayuntamiento de Xalapa, encabezada por Ana Isabel Guevara Escobar, llev\u00f3 a cabo un operativo para notificar al albergue Ada Azul qu\u00e9 se llevar\u00e1 a cabo la clausura del lugar, as\u00ed lo inform\u00f3 la encargada del albergue, Azul Fern\u00e1ndez. Entrevistada durante una manifestaci\u00f3n en el palacio [&hellip;]<\/p>\n","protected":false},"author":2476,"featured_media":56899,"comment_status":"open","ping_status":"open","sticky":false,"template":"","format":"standard","meta":{"_jetpack_memberships_contains_paid_content":false,"footnotes":""},"categories":[3],"tags":[],"class_list":["post-56898","post","type-post","status-publish","format-standard","has-post-thumbnail","hentry","category-xalapa"],"jetpack_featured_media_url":"https:\/\/encuentroinformativo.com.mx\/wp-content\/uploads\/2024\/07\/IMG-20240723-WA0090.jpg","jetpack_sharing_enabled":true,"jetpack_likes_enabled":true,"amp_enabled":true,"_links":{"self":[{"href":"https:\/\/encuentroinformativo.com.mx\/index.php?rest_route=\/wp\/v2\/posts\/56898","targetHints":{"allow":["GET"]}}],"collection":[{"href":"https:\/\/encuentroinformativo.com.mx\/index.php?rest_route=\/wp\/v2\/posts"}],"about":[{"href":"https:\/\/encuentroinformativo.com.mx\/index.php?rest_route=\/wp\/v2\/types\/post"}],"author":[{"embeddable":true,"href":"https:\/\/encuentroinformativo.com.mx\/index.php?rest_route=\/wp\/v2\/users\/2476"}],"replies":[{"embeddable":true,"href":"https:\/\/encuentroinformativo.com.mx\/index.php?rest_route=%2Fwp%2Fv2%2Fcomments&post=56898"}],"version-history":[{"count":1,"href":"https:\/\/encuentroinformativo.com.mx\/index.php?rest_route=\/wp\/v2\/posts\/56898\/revisions"}],"predecessor-version":[{"id":56900,"href":"https:\/\/encuentroinformativo.com.mx\/index.php?rest_route=\/wp\/v2\/posts\/56898\/revisions\/56900"}],"wp:featuredmedia":[{"embeddable":true,"href":"https:\/\/encuentroinformativo.com.mx\/index.php?rest_route=\/wp\/v2\/media\/56899"}],"wp:attachment":[{"href":"https:\/\/encuentroinformativo.com.mx\/index.php?rest_route=%2Fwp%2Fv2%2Fmedia&parent=56898"}],"wp:term":[{"taxonomy":"category","embeddable":true,"href":"https:\/\/encuentroinformativo.com.mx\/index.php?rest_route=%2Fwp%2Fv2%2Fcategories&post=56898"},{"taxonomy":"post_tag","embeddable":true,"href":"https:\/\/encuentroinformativo.com.mx\/index.php?rest_route=%2Fwp%2Fv2%2Ftags&post=56898"}],"curies":[{"name":"wp","href":"https:\/\/api.w.org\/{rel}","templated":true}]}}