{"id":56901,"date":"2024-07-23T20:15:45","date_gmt":"2024-07-24T02:15:45","guid":{"rendered":"https:\/\/encuentroinformativo.com.mx\/?p=56901"},"modified":"2024-07-23T20:15:52","modified_gmt":"2024-07-24T02:15:52","slug":"salma-hayek-porta-antorcha-olimpica-en-palacio-de-versalles","status":"publish","type":"post","link":"https:\/\/encuentroinformativo.com.mx\/?p=56901","title":{"rendered":"Salma Hayek porta Antorcha Ol\u00edmpica en Palacio de Versalles"},"content":{"rendered":"\n<p><strong>Alejandro \u00c1vila<\/strong><\/p>\n\n\n\n<p>Veracruz, Ver.- La veracruzana, Salma Hayek Pinault, rompi\u00f3 las redes sociales este martes por la tarde al ser mostradas fotograf\u00edas de la actriz con la Antorcha Ol\u00edmpica.<\/p>\n\n\n\n<p>Lo relevante de este hecho, no solo es que se convierte en la segunda mexicana en portar la llama ol\u00edmpica de Par\u00eds 2024, tras Diana Flores, jugadora de Flag Football, que lo hizo hace unos d\u00edas en la ciudad de Cannes; sino que la nacida en Coatzacoalcos recibio el releveo en el Palacio de Versalles, especificamente en la Galeries des Glaces.<\/p>\n\n\n\n<p>La ceremonia inaugural de los Juegos Ol\u00edmpicos de Par\u00eds 2024 se realizar\u00e1 el pr\u00f3ximo viernes 26 de julio, d\u00f3nde los contingentes de atletas desfilar\u00e1n en barco por el r\u00edo Sena; M\u00e9xico tiene registrados 109 atletas de los cuales 63 son mujeres y 46 hombres.<\/p>\n\n\n\n<figure class=\"wp-block-image size-large\"><img loading=\"lazy\" decoding=\"async\" width=\"835\" height=\"1024\" src=\"https:\/\/encuentroinformativo.com.mx\/wp-content\/uploads\/2024\/07\/1000349280-835x1024.jpg\" alt=\"\" class=\"wp-image-56903\" srcset=\"https:\/\/encuentroinformativo.com.mx\/wp-content\/uploads\/2024\/07\/1000349280-835x1024.jpg 835w, https:\/\/encuentroinformativo.com.mx\/wp-content\/uploads\/2024\/07\/1000349280-245x300.jpg 245w, https:\/\/encuentroinformativo.com.mx\/wp-content\/uploads\/2024\/07\/1000349280-768x942.jpg 768w, https:\/\/encuentroinformativo.com.mx\/wp-content\/uploads\/2024\/07\/1000349280.jpg 1080w\" sizes=\"auto, (max-width: 835px) 100vw, 835px\" \/><\/figure>\n","protected":false},"excerpt":{"rendered":"<p>Alejandro \u00c1vila Veracruz, Ver.- La veracruzana, Salma Hayek Pinault, rompi\u00f3 las redes sociales este martes por la tarde al ser mostradas fotograf\u00edas de la actriz con la Antorcha Ol\u00edmpica. Lo relevante de este hecho, no solo es que se convierte en la segunda mexicana en portar la llama ol\u00edmpica de Par\u00eds 2024, tras Diana Flores, [&hellip;]<\/p>\n","protected":false},"author":2476,"featured_media":56902,"comment_status":"open","ping_status":"open","sticky":false,"template":"","format":"standard","meta":{"_jetpack_memberships_contains_paid_content":false,"footnotes":""},"categories":[2,13],"tags":[],"class_list":["post-56901","post","type-post","status-publish","format-standard","has-post-thumbnail","hentry","category-estado","category-internacional"],"jetpack_featured_media_url":"https:\/\/encuentroinformativo.com.mx\/wp-content\/uploads\/2024\/07\/IMG-20240723-WA0095.jpg","jetpack_sharing_enabled":true,"jetpack_likes_enabled":true,"amp_enabled":true,"_links":{"self":[{"href":"https:\/\/encuentroinformativo.com.mx\/index.php?rest_route=\/wp\/v2\/posts\/56901","targetHints":{"allow":["GET"]}}],"collection":[{"href":"https:\/\/encuentroinformativo.com.mx\/index.php?rest_route=\/wp\/v2\/posts"}],"about":[{"href":"https:\/\/encuentroinformativo.com.mx\/index.php?rest_route=\/wp\/v2\/types\/post"}],"author":[{"embeddable":true,"href":"https:\/\/encuentroinformativo.com.mx\/index.php?rest_route=\/wp\/v2\/users\/2476"}],"replies":[{"embeddable":true,"href":"https:\/\/encuentroinformativo.com.mx\/index.php?rest_route=%2Fwp%2Fv2%2Fcomments&post=56901"}],"version-history":[{"count":1,"href":"https:\/\/encuentroinformativo.com.mx\/index.php?rest_route=\/wp\/v2\/posts\/56901\/revisions"}],"predecessor-version":[{"id":56904,"href":"https:\/\/encuentroinformativo.com.mx\/index.php?rest_route=\/wp\/v2\/posts\/56901\/revisions\/56904"}],"wp:featuredmedia":[{"embeddable":true,"href":"https:\/\/encuentroinformativo.com.mx\/index.php?rest_route=\/wp\/v2\/media\/56902"}],"wp:attachment":[{"href":"https:\/\/encuentroinformativo.com.mx\/index.php?rest_route=%2Fwp%2Fv2%2Fmedia&parent=56901"}],"wp:term":[{"taxonomy":"category","embeddable":true,"href":"https:\/\/encuentroinformativo.com.mx\/index.php?rest_route=%2Fwp%2Fv2%2Fcategories&post=56901"},{"taxonomy":"post_tag","embeddable":true,"href":"https:\/\/encuentroinformativo.com.mx\/index.php?rest_route=%2Fwp%2Fv2%2Ftags&post=56901"}],"curies":[{"name":"wp","href":"https:\/\/api.w.org\/{rel}","templated":true}]}}