{"id":56908,"date":"2024-07-23T21:54:42","date_gmt":"2024-07-24T03:54:42","guid":{"rendered":"https:\/\/encuentroinformativo.com.mx\/?p=56908"},"modified":"2024-07-23T21:54:50","modified_gmt":"2024-07-24T03:54:50","slug":"alcalde-jm-unanue-hace-realidad-la-rehabilitacion-del-parque-prosperidad-en-las-vegas-ii","status":"publish","type":"post","link":"https:\/\/encuentroinformativo.com.mx\/?p=56908","title":{"rendered":"Alcalde JM Un\u00e1nue hace realidad la rehabilitaci\u00f3n del parque \u201cProsperidad\u201d en Las Vegas II"},"content":{"rendered":"\n<p><strong>* <em>Con esta obra se beneficiar\u00e1 directamente a m\u00e1s de 4 mil personas de la zona, as\u00ed como a todos quienes hacen uso de este espacio p\u00fablico<\/em>.<\/strong><\/p>\n\n\n\n<p>Boca del R\u00edo, Ver.- Como parte del programa de rehabilitaci\u00f3n y rescate de unidades deportivas, parques y espacios p\u00fablicos, este martes el alcalde de Boca del R\u00edo, Juan Manuel Un\u00e1nue Abascal, entreg\u00f3 la rehabilitaci\u00f3n del parque &#8220;Prosperidad&#8221; en Las Vegas II.<\/p>\n\n\n\n<p>\u201cEs una obra que me ped\u00edan desde que iniciamos esta administraci\u00f3n, sin embargo hab\u00eda ciertas complicaciones con algunos documentos que imped\u00edan nuestra intervenci\u00f3n. Despu\u00e9s de todo un proceso pudimos echar a andar esta obra, la cual se incluye en el plan de inversi\u00f3n del Ayuntamiento de este a\u00f1o y por fin tenemos parque nuevo\u201d, destac\u00f3 el edil boque\u00f1o.<\/p>\n\n\n\n<p>Por su parte Elba Troncoso Mart\u00ednez, representante de los vecinos de Las Vegas I y II, agradeci\u00f3 al presidente municipal por el rescate de este espacio, ya que como lo dijo antes, no contaba con documentaci\u00f3n oficial y en consecuencia se encontraba sin recibir su rehabilitaci\u00f3n.<\/p>\n\n\n\n<p>\u201cMuchas gracias alcalde Juan Manuel por haberle dado nueva vida a este parque y por otras obras que han hecho aqu\u00ed en Las Vegas\u201d, se\u00f1alando adem\u00e1s, que este parque es el punto de encuentro para los vecinos, as\u00ed como una fuente de empleo para los distintos comercios que ah\u00ed se instalan y los que se encuentran a su alrededor.<\/p>\n\n\n\n<p>Al contar con espacios p\u00fablicos en \u00f3ptimas condiciones, los ciudadanos podr\u00e1n usar y disfrutar de ellos, promovi\u00e9ndose el deporte, la recreaci\u00f3n, as\u00ed como la interacci\u00f3n libre de los vecinos.<\/p>\n\n\n\n<p>Con esta obra se beneficiar\u00e1 directamente a m\u00e1s de 4 mil personas de la zona, as\u00ed como a todos quienes hacen uso de este espacio p\u00fablico.<\/p>\n\n\n\n<p>La obra cuenta con pintura especial deportiva para canchas, se rehabilitaron porter\u00edas multiusos con sus respectivos tableros, se sustituyeron 194 metros cuadrados de malla cicl\u00f3nica y se reemplazaron 664 metros cuadrados de malla atrapabalones.<\/p>\n\n\n\n<p>En cuanto a mobiliario se instalaron bancas nuevas, cestos de basura y mesas-banco tipo picnic. Y para los boque\u00f1itos, un \u00e1rea de juegos con una resbaladilla, pasamanos, sube y baja, adem\u00e1s de un juego modular infantil para exterior; se pint\u00f3 se\u00f1alizaci\u00f3n infantil y juegos a nivel piso.<\/p>\n\n\n\n<p>Adem\u00e1s, en las \u00e1reas comunes se rehabilitaron 146 metros cuadrados entre rampas de acceso para personas con discapacidad, guarniciones y banquetas, sum\u00e1ndose pintura en m\u00e1s de mil metros lineales en guarniciones.<\/p>\n\n\n\n<p>Y para un entorno seguro para las familias y menores de edad, se rehabilitaron 22 postes de alumbrado y se sustituyeron 35 luminarias.<\/p>\n\n\n\n<p>En la inauguraci\u00f3n de la rehabilitaci\u00f3n de este parque, se cont\u00f3 con la presencia de la presidenta del DIF municipal, Melina Rivera de Un\u00e1nue, as\u00ed como autoridades de Boca del R\u00edo.<\/p>\n\n\n\n<figure class=\"wp-block-image size-large\"><img loading=\"lazy\" decoding=\"async\" width=\"1024\" height=\"682\" src=\"https:\/\/encuentroinformativo.com.mx\/wp-content\/uploads\/2024\/07\/1000349335-1024x682.jpg\" alt=\"\" class=\"wp-image-56910\" srcset=\"https:\/\/encuentroinformativo.com.mx\/wp-content\/uploads\/2024\/07\/1000349335-1024x682.jpg 1024w, https:\/\/encuentroinformativo.com.mx\/wp-content\/uploads\/2024\/07\/1000349335-300x200.jpg 300w, https:\/\/encuentroinformativo.com.mx\/wp-content\/uploads\/2024\/07\/1000349335-768x512.jpg 768w, https:\/\/encuentroinformativo.com.mx\/wp-content\/uploads\/2024\/07\/1000349335-1536x1023.jpg 1536w, https:\/\/encuentroinformativo.com.mx\/wp-content\/uploads\/2024\/07\/1000349335.jpg 1600w\" sizes=\"auto, (max-width: 1024px) 100vw, 1024px\" \/><\/figure>\n","protected":false},"excerpt":{"rendered":"<p>* Con esta obra se beneficiar\u00e1 directamente a m\u00e1s de 4 mil personas de la zona, as\u00ed como a todos quienes hacen uso de este espacio p\u00fablico. Boca del R\u00edo, Ver.- Como parte del programa de rehabilitaci\u00f3n y rescate de unidades deportivas, parques y espacios p\u00fablicos, este martes el alcalde de Boca del R\u00edo, Juan [&hellip;]<\/p>\n","protected":false},"author":2476,"featured_media":56909,"comment_status":"open","ping_status":"open","sticky":false,"template":"","format":"standard","meta":{"_jetpack_memberships_contains_paid_content":false,"footnotes":""},"categories":[2],"tags":[],"class_list":["post-56908","post","type-post","status-publish","format-standard","has-post-thumbnail","hentry","category-estado"],"jetpack_featured_media_url":"https:\/\/encuentroinformativo.com.mx\/wp-content\/uploads\/2024\/07\/IMG-20240723-WA0128.jpg","jetpack_sharing_enabled":true,"jetpack_likes_enabled":true,"amp_enabled":true,"_links":{"self":[{"href":"https:\/\/encuentroinformativo.com.mx\/index.php?rest_route=\/wp\/v2\/posts\/56908","targetHints":{"allow":["GET"]}}],"collection":[{"href":"https:\/\/encuentroinformativo.com.mx\/index.php?rest_route=\/wp\/v2\/posts"}],"about":[{"href":"https:\/\/encuentroinformativo.com.mx\/index.php?rest_route=\/wp\/v2\/types\/post"}],"author":[{"embeddable":true,"href":"https:\/\/encuentroinformativo.com.mx\/index.php?rest_route=\/wp\/v2\/users\/2476"}],"replies":[{"embeddable":true,"href":"https:\/\/encuentroinformativo.com.mx\/index.php?rest_route=%2Fwp%2Fv2%2Fcomments&post=56908"}],"version-history":[{"count":1,"href":"https:\/\/encuentroinformativo.com.mx\/index.php?rest_route=\/wp\/v2\/posts\/56908\/revisions"}],"predecessor-version":[{"id":56911,"href":"https:\/\/encuentroinformativo.com.mx\/index.php?rest_route=\/wp\/v2\/posts\/56908\/revisions\/56911"}],"wp:featuredmedia":[{"embeddable":true,"href":"https:\/\/encuentroinformativo.com.mx\/index.php?rest_route=\/wp\/v2\/media\/56909"}],"wp:attachment":[{"href":"https:\/\/encuentroinformativo.com.mx\/index.php?rest_route=%2Fwp%2Fv2%2Fmedia&parent=56908"}],"wp:term":[{"taxonomy":"category","embeddable":true,"href":"https:\/\/encuentroinformativo.com.mx\/index.php?rest_route=%2Fwp%2Fv2%2Fcategories&post=56908"},{"taxonomy":"post_tag","embeddable":true,"href":"https:\/\/encuentroinformativo.com.mx\/index.php?rest_route=%2Fwp%2Fv2%2Ftags&post=56908"}],"curies":[{"name":"wp","href":"https:\/\/api.w.org\/{rel}","templated":true}]}}