{"id":56921,"date":"2024-07-24T13:20:39","date_gmt":"2024-07-24T19:20:39","guid":{"rendered":"https:\/\/encuentroinformativo.com.mx\/?p=56921"},"modified":"2024-07-24T13:20:44","modified_gmt":"2024-07-24T19:20:44","slug":"siguen-hospitalizadas-4-personas-tras-colapso-de-puente-en-omealca","status":"publish","type":"post","link":"https:\/\/encuentroinformativo.com.mx\/?p=56921","title":{"rendered":"Siguen hospitalizadas 4 personas tras colapso de puente en Omealca"},"content":{"rendered":"\n<p><strong>Dar\u00edo Pale<\/strong><\/p>\n\n\n\n<p>Xalapa, Ver.- Un muerto y 8 heridos tras colapso de un puente en la comunidad de Tenejapan, perteneciente al municipio de Omealca, as\u00ed lo dio a conocer el gobernador Cuitl\u00e1huac Garc\u00eda Jim\u00e9nez.\u00a0<\/p>\n\n\n\n<p>En conferencia de prensa indic\u00f3 que los ocho heridos fueron trasladados al Hospital General Yanga, de esos, cuatro ya fueron dados de alta, mientras que el resto se mantiene hospitalizado.<\/p>\n\n\n\n<p>&#8220;Sobre el accidente que tuvimos en un puente estamos atendiendo desde que sucedi\u00f3&#8221;, se\u00f1al\u00f3.<\/p>\n\n\n\n<p>Sobre el estado de salud de las cuatro personas que a\u00fan est\u00e1n hospitalizadas, el Ejecutivo inform\u00f3 que el reporte es que est\u00e1n estables y sin riesgo de agravarse.\u00a0<\/p>\n\n\n\n<p>&#8220;Por fortuna todos estables, con algunas lesiones, pero estables todos. No tienen riesgo de que se agraven por fortuna y lamentar el deceso de una persona\u201d, asegur\u00f3.<\/p>\n\n\n\n<p>Puntualiz\u00f3 que esperar\u00e1n el peritaje del accidente ocurrido este martes, cuando un puente vehicular colaps\u00f3 en el momento en que circulaba un autob\u00fas de la l\u00ednea ASR \u00a0proveniente de C\u00f3rdoba.\u00a0<\/p>\n\n\n\n<p>Por \u00faltimo dijo que lamentablemente el autob\u00fas qued\u00f3 sobre el tramo colapsado del puente mientras varias personas intentaron sacar a los ocupantes que estaban atrapados.<\/p>\n","protected":false},"excerpt":{"rendered":"<p>Dar\u00edo Pale Xalapa, Ver.- Un muerto y 8 heridos tras colapso de un puente en la comunidad de Tenejapan, perteneciente al municipio de Omealca, as\u00ed lo dio a conocer el gobernador Cuitl\u00e1huac Garc\u00eda Jim\u00e9nez.\u00a0 En conferencia de prensa indic\u00f3 que los ocho heridos fueron trasladados al Hospital General Yanga, de esos, cuatro ya fueron dados [&hellip;]<\/p>\n","protected":false},"author":2476,"featured_media":56922,"comment_status":"open","ping_status":"open","sticky":false,"template":"","format":"standard","meta":{"_jetpack_memberships_contains_paid_content":false,"footnotes":""},"categories":[2],"tags":[],"class_list":["post-56921","post","type-post","status-publish","format-standard","has-post-thumbnail","hentry","category-estado"],"jetpack_featured_media_url":"https:\/\/encuentroinformativo.com.mx\/wp-content\/uploads\/2024\/07\/IMG-20240724-WA0018.jpg","jetpack_sharing_enabled":true,"jetpack_likes_enabled":true,"amp_enabled":true,"_links":{"self":[{"href":"https:\/\/encuentroinformativo.com.mx\/index.php?rest_route=\/wp\/v2\/posts\/56921","targetHints":{"allow":["GET"]}}],"collection":[{"href":"https:\/\/encuentroinformativo.com.mx\/index.php?rest_route=\/wp\/v2\/posts"}],"about":[{"href":"https:\/\/encuentroinformativo.com.mx\/index.php?rest_route=\/wp\/v2\/types\/post"}],"author":[{"embeddable":true,"href":"https:\/\/encuentroinformativo.com.mx\/index.php?rest_route=\/wp\/v2\/users\/2476"}],"replies":[{"embeddable":true,"href":"https:\/\/encuentroinformativo.com.mx\/index.php?rest_route=%2Fwp%2Fv2%2Fcomments&post=56921"}],"version-history":[{"count":1,"href":"https:\/\/encuentroinformativo.com.mx\/index.php?rest_route=\/wp\/v2\/posts\/56921\/revisions"}],"predecessor-version":[{"id":56923,"href":"https:\/\/encuentroinformativo.com.mx\/index.php?rest_route=\/wp\/v2\/posts\/56921\/revisions\/56923"}],"wp:featuredmedia":[{"embeddable":true,"href":"https:\/\/encuentroinformativo.com.mx\/index.php?rest_route=\/wp\/v2\/media\/56922"}],"wp:attachment":[{"href":"https:\/\/encuentroinformativo.com.mx\/index.php?rest_route=%2Fwp%2Fv2%2Fmedia&parent=56921"}],"wp:term":[{"taxonomy":"category","embeddable":true,"href":"https:\/\/encuentroinformativo.com.mx\/index.php?rest_route=%2Fwp%2Fv2%2Fcategories&post=56921"},{"taxonomy":"post_tag","embeddable":true,"href":"https:\/\/encuentroinformativo.com.mx\/index.php?rest_route=%2Fwp%2Fv2%2Ftags&post=56921"}],"curies":[{"name":"wp","href":"https:\/\/api.w.org\/{rel}","templated":true}]}}