{"id":56927,"date":"2024-07-24T15:25:12","date_gmt":"2024-07-24T21:25:12","guid":{"rendered":"https:\/\/encuentroinformativo.com.mx\/?p=56927"},"modified":"2024-07-24T15:25:26","modified_gmt":"2024-07-24T21:25:26","slug":"llega-a-jamapa-programa-construyete-mujer","status":"publish","type":"post","link":"https:\/\/encuentroinformativo.com.mx\/?p=56927","title":{"rendered":"Llega a Jamapa programa Constr\u00fayete Mujer"},"content":{"rendered":"\n<p><strong>Alejandro \u00c1vila<\/strong><\/p>\n\n\n\n<p>Jamapa, Ver.- Por primera vez en el municipio de Jamapa se inici\u00f3 con el programa Constr\u00fayete Mujer, el cual a trav\u00e9s de la Fundaci\u00f3n CBRO realiz\u00f3 un Taller de Reposter\u00eda a m\u00e1s de 25 ciudadanas.<\/p>\n\n\n\n<p>Cabe destacar que este beneficio fue otorgado por Pablo Caballero y Karina Guzm\u00e1n, presidente y directora de la Fundaci\u00f3n CBRO, respectivamente y tiene la particularidad de ser el \u00fanico en el municipio con certificaci\u00f3n oficial ante la Secretaria de Educaci\u00f3n P\u00fablica (SEP).<\/p>\n\n\n\n<p>Para la primera generaci\u00f3n, inform\u00f3 Pablo Caballero, el total de alumnas egresadas ser\u00e1n apoyadas con media beca para que puedan culminar alguna meta educativa.<\/p>\n\n\n\n<p>Por su parte, la directora, Karina Guzm\u00e1n; y la coordinadora general, Adriana Guzm\u00e1n, se\u00f1alaron que en Fundaci\u00f3n CBRO existe un compromiso con el empoderamiento de las mujeres a trav\u00e9s de la educaci\u00f3n y el desarrollo de habilidades.<\/p>\n\n\n\n<p>Como invitados especiales estuvieron, el director de ITCAVER, Rub\u00e9n Hern\u00e1ndez Hern\u00e1ndez; el jefe de capacitaci\u00f3n, Jes\u00fas Garc\u00eda; la jefa de vinculaci\u00f3n, Beatriz Salas; y la Chef instructora, Gabriela Palma; adem\u00e1s de la presidenta de CANIRAC Veracruz Lic Abigail Guzm\u00e1n.<\/p>\n","protected":false},"excerpt":{"rendered":"<p>Alejandro \u00c1vila Jamapa, Ver.- Por primera vez en el municipio de Jamapa se inici\u00f3 con el programa Constr\u00fayete Mujer, el cual a trav\u00e9s de la Fundaci\u00f3n CBRO realiz\u00f3 un Taller de Reposter\u00eda a m\u00e1s de 25 ciudadanas. Cabe destacar que este beneficio fue otorgado por Pablo Caballero y Karina Guzm\u00e1n, presidente y directora de la [&hellip;]<\/p>\n","protected":false},"author":2476,"featured_media":56928,"comment_status":"open","ping_status":"open","sticky":false,"template":"","format":"standard","meta":{"_jetpack_memberships_contains_paid_content":false,"footnotes":""},"categories":[2],"tags":[],"class_list":["post-56927","post","type-post","status-publish","format-standard","has-post-thumbnail","hentry","category-estado"],"jetpack_featured_media_url":"https:\/\/encuentroinformativo.com.mx\/wp-content\/uploads\/2024\/07\/IMG-20240724-WA0033.jpg","jetpack_sharing_enabled":true,"jetpack_likes_enabled":true,"amp_enabled":true,"_links":{"self":[{"href":"https:\/\/encuentroinformativo.com.mx\/index.php?rest_route=\/wp\/v2\/posts\/56927","targetHints":{"allow":["GET"]}}],"collection":[{"href":"https:\/\/encuentroinformativo.com.mx\/index.php?rest_route=\/wp\/v2\/posts"}],"about":[{"href":"https:\/\/encuentroinformativo.com.mx\/index.php?rest_route=\/wp\/v2\/types\/post"}],"author":[{"embeddable":true,"href":"https:\/\/encuentroinformativo.com.mx\/index.php?rest_route=\/wp\/v2\/users\/2476"}],"replies":[{"embeddable":true,"href":"https:\/\/encuentroinformativo.com.mx\/index.php?rest_route=%2Fwp%2Fv2%2Fcomments&post=56927"}],"version-history":[{"count":1,"href":"https:\/\/encuentroinformativo.com.mx\/index.php?rest_route=\/wp\/v2\/posts\/56927\/revisions"}],"predecessor-version":[{"id":56929,"href":"https:\/\/encuentroinformativo.com.mx\/index.php?rest_route=\/wp\/v2\/posts\/56927\/revisions\/56929"}],"wp:featuredmedia":[{"embeddable":true,"href":"https:\/\/encuentroinformativo.com.mx\/index.php?rest_route=\/wp\/v2\/media\/56928"}],"wp:attachment":[{"href":"https:\/\/encuentroinformativo.com.mx\/index.php?rest_route=%2Fwp%2Fv2%2Fmedia&parent=56927"}],"wp:term":[{"taxonomy":"category","embeddable":true,"href":"https:\/\/encuentroinformativo.com.mx\/index.php?rest_route=%2Fwp%2Fv2%2Fcategories&post=56927"},{"taxonomy":"post_tag","embeddable":true,"href":"https:\/\/encuentroinformativo.com.mx\/index.php?rest_route=%2Fwp%2Fv2%2Ftags&post=56927"}],"curies":[{"name":"wp","href":"https:\/\/api.w.org\/{rel}","templated":true}]}}