{"id":5693,"date":"2020-09-09T18:09:39","date_gmt":"2020-09-09T23:09:39","guid":{"rendered":"https:\/\/encuentroinformativo.com.mx\/?p=5693"},"modified":"2020-09-11T02:08:11","modified_gmt":"2020-09-11T07:08:11","slug":"conozco-como-operan-en-veracruz-diaz-duran","status":"publish","type":"post","link":"https:\/\/encuentroinformativo.com.mx\/?p=5693","title":{"rendered":"Conozco c\u00f3mo operan en Veracruz: D\u00edaz Dur\u00e1n"},"content":{"rendered":"<p>Dar\u00edo Pale<\/p>\n<p>Xalapa, Ver.-\u00a0El aspirante a la dirigencia nacional de Morena, Alejandro Rojas D\u00edaz Dur\u00e1n, dio a conocer que denunciar\u00e1 ante la Fiscal\u00eda General del Estado (FGE) al secretario de Gobierno, Eric Cisneros Burgos, por la amenaza que hizo a la directora del peri\u00f3dico <i>El Dictamen<\/i>, Bertha Malpica.<\/p>\n<p>En conferencia de prensa realizada en conocido restaurante de Zaragoza se\u00f1al\u00f3 que, \u201cno voy a permitir que un gobernante de Morena, ll\u00e1mese como se llame, amenace a los periodistas y trate de coartar una libertad de expresi\u00f3n que nos cost\u00f3 millones de vidas\u201d.<\/p>\n<p>Recalc\u00f3 que ning\u00fan servidor p\u00fablico que trabaje en los gobiernos de Morena debe amenazar a los defensores de derechos humanos y periodistas, ya que, \u201csin prensa libre no hay democracia, claro que lo voy a denunciar, a eso vengo, porque estoy de lado de la gente, no me importa si es de Morena, si es de mengano o perengano\u201d.<\/p>\n<p>Dijo que siendo Veracruz el lugar m\u00e1s peligroso para ejercer el periodismo, no permitir\u00e1 que ning\u00fan funcionario de Morena amenace o amague a periodistas y trate de coartar la libertad de expresi\u00f3n.<\/p>\n<p>\u201cClaro que lo voy a denunciar, a eso vine tambi\u00e9n, porque yo estoy del lado de la gente\u2026 me importa que los periodistas, que arriesgan la vida todos los d\u00edas, que por su trabajo los veracruzanos se enteran de lo que pasa, deben estar protegidos por el Gobierno\u201d, se\u00f1al\u00f3.<\/p>\n<p>Rojas D\u00edaz Dur\u00e1n garantiz\u00f3 que siendo presidente de Morena deslindar\u00e1 al gobierno del Estado del instituto pol\u00edtico, porque ya sabe que se est\u00e1 metiendo en la elecci\u00f3n del Partido.<\/p>\n<p>\u201cTengo mucha informaci\u00f3n de c\u00f3mo est\u00e1n operando, pero los voy a hacer \u2018sushi\u2019, porque s\u00e9 c\u00f3mo operan y yo sigo la ruta de Andr\u00e9s y traigo el pulso\u2026 para no arriesgar a Veracruz les \u00a0dir\u00e9: h\u00e1ganlo bien porque no lo han hecho tan bien, gobiernen, pero no se metan en Morena\u201d, acus\u00f3.<\/p>\n<p>Adem\u00e1s, adelant\u00f3 que como l\u00edder nacional de Morena, emitir\u00e1 la convocatoria para los cargos de elecci\u00f3n popular, uno de los requisitos de elegibilidad sea que no hayan ocupado cargo de funcionarios de los programas del Bienestar y que hayan renunciado dos a\u00f1os antes, cuando menos.<\/p>\n<p>\u201cPorque no voy a permitir que al presidente L\u00f3pez Obrador los saboteen, cuando \u00e9l mismo env\u00edo la iniciativa al Congreso para que el delito electoral fuera un delito grave y se pague con c\u00e1rcel\u201d, coment\u00f3.<\/p>\n<p>De tal manera que, aquellos servidores p\u00fablicos de la Secretar\u00eda del Bienestar que andan \u201cengolosinados\u201d y que andan pensando que van a ser candidatos, \u201cconmigo en la presidencia de Morena no ser\u00e1n candidatos porque es inmoral\u201d.<\/p>\n<p><b>Revocaci\u00f3n de Mandato<\/b><\/p>\n<p>En otro orden de ideas advirti\u00f3 que de lograr el triunfo, recabar\u00e1 firmas para que en el 2022, el gobernador de Veracruz, Cuitl\u00e1huac Garc\u00eda Jim\u00e9nez se someta a la revocaci\u00f3n de mandato.<\/p>\n<p>El pueblo pone y el pueblo quita, como dice el Presidente, \u201cle voy a pedir a los veracruzanos -despu\u00e9s de la elecci\u00f3n del 2021 para que no se contamine-, que recabemos las firmas necesarias para que en el 2022 el gobernador Cuitl\u00e1huac Garc\u00eda se someta revocaci\u00f3n de mandato el mismo d\u00eda que el presidente Andr\u00e9s Manuel L\u00f3pez Obrador, porque aqu\u00ed en Veracruz el pueblo pone y el pueblo quita\u201d.<\/p>\n<p>Adem\u00e1s de que ser\u00e1 el principal vigilante de que los gobiernos de Morena no se echen a perder, ni se desv\u00eden, \u201clos voy a traer cortitos\u201d, por lo que tambi\u00e9n exhort\u00f3 al mandatario estatal a que \u00e9l mismo, siguiendo el ejemplo del Presidente, est\u00e9 a disposici\u00f3n de someter a su gobierno a la revocaci\u00f3n o a la ratificaci\u00f3n de su mandato, para ser congruente y todos sigan el lineamiento que ha marcado el titular del Poder Ejecutivo federal.<\/p>\n<p>\u201cSi \u00e9l tiene la certeza de que es un buen gobernante lo van a ratificar. No es personal, lo que s\u00ed me interesa es que Veracruz salga de la espiral de la violencia, de la inseguridad tan terrible, del peligro que corren las vidas de ustedes periodistas y de los ciudadanos por los p\u00e9simos servicios p\u00fablicos, por las deficiencias en la administraci\u00f3n p\u00fablica, de los nepotismos, de los negocios que se hacen a espaldas de la ley\u201d, se\u00f1al\u00f3 en la conferencia.<\/p>\n<p>Finalmente reconoci\u00f3, por ese tipo de situaciones muchos mexicanos le han dado la espalda al Movimiento de Regeneraci\u00f3n Nacional, de \u00e9stos tambi\u00e9n muchos veracruzanos.<\/p>\n","protected":false},"excerpt":{"rendered":"<p>Dar\u00edo Pale Xalapa, Ver.-\u00a0El aspirante a la dirigencia nacional de Morena, Alejandro Rojas D\u00edaz Dur\u00e1n, dio a conocer que denunciar\u00e1 ante la Fiscal\u00eda General del Estado (FGE) al secretario de Gobierno, Eric Cisneros Burgos, por la amenaza que hizo a la directora del peri\u00f3dico El Dictamen, Bertha Malpica. En conferencia de prensa realizada en conocido [&hellip;]<\/p>\n","protected":false},"author":1,"featured_media":5694,"comment_status":"open","ping_status":"open","sticky":false,"template":"","format":"standard","meta":{"_jetpack_memberships_contains_paid_content":false,"footnotes":""},"categories":[2],"tags":[],"class_list":["post-5693","post","type-post","status-publish","format-standard","has-post-thumbnail","hentry","category-estado"],"jetpack_featured_media_url":"https:\/\/encuentroinformativo.com.mx\/wp-content\/uploads\/2020\/09\/3C99A6B7-27C1-4FB8-9F1A-5E0FA012B199.jpeg","jetpack_sharing_enabled":true,"jetpack_likes_enabled":true,"amp_enabled":true,"_links":{"self":[{"href":"https:\/\/encuentroinformativo.com.mx\/index.php?rest_route=\/wp\/v2\/posts\/5693","targetHints":{"allow":["GET"]}}],"collection":[{"href":"https:\/\/encuentroinformativo.com.mx\/index.php?rest_route=\/wp\/v2\/posts"}],"about":[{"href":"https:\/\/encuentroinformativo.com.mx\/index.php?rest_route=\/wp\/v2\/types\/post"}],"author":[{"embeddable":true,"href":"https:\/\/encuentroinformativo.com.mx\/index.php?rest_route=\/wp\/v2\/users\/1"}],"replies":[{"embeddable":true,"href":"https:\/\/encuentroinformativo.com.mx\/index.php?rest_route=%2Fwp%2Fv2%2Fcomments&post=5693"}],"version-history":[{"count":3,"href":"https:\/\/encuentroinformativo.com.mx\/index.php?rest_route=\/wp\/v2\/posts\/5693\/revisions"}],"predecessor-version":[{"id":5742,"href":"https:\/\/encuentroinformativo.com.mx\/index.php?rest_route=\/wp\/v2\/posts\/5693\/revisions\/5742"}],"wp:featuredmedia":[{"embeddable":true,"href":"https:\/\/encuentroinformativo.com.mx\/index.php?rest_route=\/wp\/v2\/media\/5694"}],"wp:attachment":[{"href":"https:\/\/encuentroinformativo.com.mx\/index.php?rest_route=%2Fwp%2Fv2%2Fmedia&parent=5693"}],"wp:term":[{"taxonomy":"category","embeddable":true,"href":"https:\/\/encuentroinformativo.com.mx\/index.php?rest_route=%2Fwp%2Fv2%2Fcategories&post=5693"},{"taxonomy":"post_tag","embeddable":true,"href":"https:\/\/encuentroinformativo.com.mx\/index.php?rest_route=%2Fwp%2Fv2%2Ftags&post=5693"}],"curies":[{"name":"wp","href":"https:\/\/api.w.org\/{rel}","templated":true}]}}