{"id":56936,"date":"2024-07-24T15:34:43","date_gmt":"2024-07-24T21:34:43","guid":{"rendered":"https:\/\/encuentroinformativo.com.mx\/?p=56936"},"modified":"2024-07-24T15:34:56","modified_gmt":"2024-07-24T21:34:56","slug":"convocan-a-participar-en-jornada-reforestando-juntos","status":"publish","type":"post","link":"https:\/\/encuentroinformativo.com.mx\/?p=56936","title":{"rendered":"Convocan a participar en jornada &#8220;Reforestando Juntos&#8221;"},"content":{"rendered":"\n<p><strong>Dar\u00edo Pale <\/strong><\/p>\n\n\n\n<p>Xalapa, Ver.- Bosque de Vida, Pronatura y Fidecoagua realizar\u00e1n el pr\u00f3ximo domingo a las 11:00 horas la reforestaci\u00f3n anual denominada \u201cReforestando Juntos\u201d, misma que se realizar\u00e1 en el Sendero a la cascada de la Granada.<\/p>\n\n\n\n<p>El Director General y Socio Fundador de &#8220;Bosque de Vida: Memorial Ecol\u00f3gico&#8221;, Luis Fernando Olivares Pale, invit\u00f3 a la poblaci\u00f3n en general a sumarse a esta jornada en la cual se sembrar\u00e1n 300 especies end\u00e9micas del bosque mes\u00f3filo de monta\u00f1a, con la que se conmemoran 4 a\u00f1os de haber iniciado la primera reserva funeraria ecol\u00f3gica del sureste del pa\u00eds.<\/p>\n\n\n\n<p>Dijo que se reforestar\u00e1 una hect\u00e1rea en el sendero a la Cascada de La Granada y el punto de reuni\u00f3n ser\u00e1 la Escuela de la Localidad de Tapachapan, en el camino al Trianon.<\/p>\n\n\n\n<p>Por \u00faltimo recomend\u00f3 a las personas que acudan a llevar calzado apropiado ya que la zona que se sembrar\u00e1 tiene una dificultad media-alta, adem\u00e1s de protecci\u00f3n contra mosquitos e hidrataci\u00f3n.<\/p>\n","protected":false},"excerpt":{"rendered":"<p>Dar\u00edo Pale Xalapa, Ver.- Bosque de Vida, Pronatura y Fidecoagua realizar\u00e1n el pr\u00f3ximo domingo a las 11:00 horas la reforestaci\u00f3n anual denominada \u201cReforestando Juntos\u201d, misma que se realizar\u00e1 en el Sendero a la cascada de la Granada. El Director General y Socio Fundador de &#8220;Bosque de Vida: Memorial Ecol\u00f3gico&#8221;, Luis Fernando Olivares Pale, invit\u00f3 a [&hellip;]<\/p>\n","protected":false},"author":2476,"featured_media":29774,"comment_status":"open","ping_status":"open","sticky":false,"template":"","format":"standard","meta":{"_jetpack_memberships_contains_paid_content":false,"footnotes":""},"categories":[2],"tags":[],"class_list":["post-56936","post","type-post","status-publish","format-standard","has-post-thumbnail","hentry","category-estado"],"jetpack_featured_media_url":"https:\/\/encuentroinformativo.com.mx\/wp-content\/uploads\/2022\/07\/23F9F750-FB85-4A35-B5CD-B44B13920261.jpeg","jetpack_sharing_enabled":true,"jetpack_likes_enabled":true,"amp_enabled":true,"_links":{"self":[{"href":"https:\/\/encuentroinformativo.com.mx\/index.php?rest_route=\/wp\/v2\/posts\/56936","targetHints":{"allow":["GET"]}}],"collection":[{"href":"https:\/\/encuentroinformativo.com.mx\/index.php?rest_route=\/wp\/v2\/posts"}],"about":[{"href":"https:\/\/encuentroinformativo.com.mx\/index.php?rest_route=\/wp\/v2\/types\/post"}],"author":[{"embeddable":true,"href":"https:\/\/encuentroinformativo.com.mx\/index.php?rest_route=\/wp\/v2\/users\/2476"}],"replies":[{"embeddable":true,"href":"https:\/\/encuentroinformativo.com.mx\/index.php?rest_route=%2Fwp%2Fv2%2Fcomments&post=56936"}],"version-history":[{"count":1,"href":"https:\/\/encuentroinformativo.com.mx\/index.php?rest_route=\/wp\/v2\/posts\/56936\/revisions"}],"predecessor-version":[{"id":56937,"href":"https:\/\/encuentroinformativo.com.mx\/index.php?rest_route=\/wp\/v2\/posts\/56936\/revisions\/56937"}],"wp:featuredmedia":[{"embeddable":true,"href":"https:\/\/encuentroinformativo.com.mx\/index.php?rest_route=\/wp\/v2\/media\/29774"}],"wp:attachment":[{"href":"https:\/\/encuentroinformativo.com.mx\/index.php?rest_route=%2Fwp%2Fv2%2Fmedia&parent=56936"}],"wp:term":[{"taxonomy":"category","embeddable":true,"href":"https:\/\/encuentroinformativo.com.mx\/index.php?rest_route=%2Fwp%2Fv2%2Fcategories&post=56936"},{"taxonomy":"post_tag","embeddable":true,"href":"https:\/\/encuentroinformativo.com.mx\/index.php?rest_route=%2Fwp%2Fv2%2Ftags&post=56936"}],"curies":[{"name":"wp","href":"https:\/\/api.w.org\/{rel}","templated":true}]}}