{"id":56938,"date":"2024-07-24T18:28:54","date_gmt":"2024-07-25T00:28:54","guid":{"rendered":"https:\/\/encuentroinformativo.com.mx\/?p=56938"},"modified":"2024-07-24T18:28:59","modified_gmt":"2024-07-25T00:28:59","slug":"un-exito-los-concursos-tradicionales-de-las-fiestas-de-santa-ana-2024","status":"publish","type":"post","link":"https:\/\/encuentroinformativo.com.mx\/?p=56938","title":{"rendered":"Un \u00e9xito los concursos tradicionales de las fiestas de Santa Ana 2024"},"content":{"rendered":"\n<p><strong>* <em>Hubo desde carrera de meseros, cuerdas, palo encebado, comelones, yardas y atarrayas<\/em>.<\/strong><\/p>\n\n\n\n<p><strong>* <em>Este jueves por la noche la coronaci\u00f3n de la Corte Real y el primer gran concierto de Mijares<\/em>.<\/strong><\/p>\n\n\n\n<p>Boca del R\u00edo, Ver.- En la segunda jornada de las Fiestas de Santa Ana se llevaron a cabo los Concursos Tradicionales en la cabecera municipal de Boca del R\u00edo, iniciando con la \u201cCarrera de Meseros\u201d, la cual es una costumbre de la fiesta patronal.<\/p>\n\n\n\n<p>El mesero m\u00e1s r\u00e1pido fue Jair Mata, seguido de Oscar Villaluz y Joel D\u00edaz, mientras que en la rama femenil la ganadora fue Jenni Reyes, mientras que el segundo lugar lo obtuvo Mar\u00eda Esther Ram\u00edrez y el tercer lugar fue para Jessica Guadalupe M\u00e9ndez Cu\u00e9llar; los tres lugares de ambas ramas se repartieron una bolsa de 7 mil pesos.<\/p>\n\n\n\n<p>Otro de los concursos fue el palo encebado en playa Santa Ana, el cual entretuvo a los presentes en todo momento, por lo que las porras estuvieron en todo momento. Los ganadores en la rama varonil fue el equipo \u201cLos pescadores de Chicoche\u201d, mientras que en la rama femenil las triunfadoras fueron \u201cLas t\u00edas del Trit\u00f3n\u201d, con un premio general a repartir de 10 mil pesos.<\/p>\n\n\n\n<p>En el concurso de los \u201cComelones\u201d, el triunfador result\u00f3 \u00c1ngel Cabrera y en segundo lugar Joaqu\u00edn Tejeda, mientras que las \u201cComelonas\u201d, el primer lugar fue para Mar\u00eda Guadalupe \u00c1lvarez y Yadira Cabrera; Con un premio a repartir entre ambas ramas: 7 mil pesos.<\/p>\n\n\n\n<p>Por su parte el campe\u00f3n de Yardas fue Alejandro Acosta y en segundo lugar Alberto Mu\u00f1oz. Por las campeonas destacaron en primer lugar Paola flores y Lizethe Delgado, quienes se repartieron un premio de 7 mil pesos en ambas ramas.<\/p>\n\n\n\n<p>Minutos m\u00e1s tarde se vivi\u00f3 la competencia de Atarrayas en el R\u00edo Jamapa, una tradici\u00f3n de los pescadores boque\u00f1os quienes son especialistas en este rubro, premiando su destreza con una bolsa a repartir de 5 mil pesos.<\/p>\n\n\n\n<p>Por la noche en la calle Revoluci\u00f3n se present\u00f3 la agrupaci\u00f3n musical \u201cLa Sabrosura\u201d, quienes hicieron gala de su nombre imponiendo el sabor y la alegr\u00eda con sus ritmo y notas musicales.<\/p>\n\n\n\n<p><em>CORONACI\u00d3N CORTE REAL Y CONCIERTO DE MIJARES<\/em><\/p>\n\n\n\n<p>Este jueves 25 de julio se llevar\u00e1 a cabo la coronaci\u00f3n de la Corte Real en punto de las 21 horas, para despu\u00e9s dar inicio al primer gran concierto del \u201cSoldado del Amor\u201d Mijares en punto de las 22 horas en la Plaza C\u00edvica.<\/p>\n\n\n\n<p>Cabe recordar que los conciertos masivos son gratis, y ser\u00e1 a partir de las 17 horas la apertura de los accesos para poder disfrutar cada uno de los espect\u00e1culos.<\/p>\n\n\n\n<p>Para conocer todo el programa de actividades lo puede hacer en las Redes Sociales oficiales del Ayuntamiento de Boca del R\u00edo; www.facebook.com\/MpioBocadelRio, X: @_BocadelRio e Instagram: @bocadelrio.ver<\/p>\n\n\n\n<figure class=\"wp-block-image size-large\"><img loading=\"lazy\" decoding=\"async\" width=\"1024\" height=\"682\" src=\"https:\/\/encuentroinformativo.com.mx\/wp-content\/uploads\/2024\/07\/1000350067-1024x682.jpg\" alt=\"\" class=\"wp-image-56940\" srcset=\"https:\/\/encuentroinformativo.com.mx\/wp-content\/uploads\/2024\/07\/1000350067-1024x682.jpg 1024w, https:\/\/encuentroinformativo.com.mx\/wp-content\/uploads\/2024\/07\/1000350067-300x200.jpg 300w, https:\/\/encuentroinformativo.com.mx\/wp-content\/uploads\/2024\/07\/1000350067-768x512.jpg 768w, https:\/\/encuentroinformativo.com.mx\/wp-content\/uploads\/2024\/07\/1000350067.jpg 1280w\" sizes=\"auto, (max-width: 1024px) 100vw, 1024px\" \/><\/figure>\n","protected":false},"excerpt":{"rendered":"<p>* Hubo desde carrera de meseros, cuerdas, palo encebado, comelones, yardas y atarrayas. * Este jueves por la noche la coronaci\u00f3n de la Corte Real y el primer gran concierto de Mijares. Boca del R\u00edo, Ver.- En la segunda jornada de las Fiestas de Santa Ana se llevaron a cabo los Concursos Tradicionales en la [&hellip;]<\/p>\n","protected":false},"author":2476,"featured_media":56939,"comment_status":"open","ping_status":"open","sticky":false,"template":"","format":"standard","meta":{"_jetpack_memberships_contains_paid_content":false,"footnotes":""},"categories":[2],"tags":[],"class_list":["post-56938","post","type-post","status-publish","format-standard","has-post-thumbnail","hentry","category-estado"],"jetpack_featured_media_url":"https:\/\/encuentroinformativo.com.mx\/wp-content\/uploads\/2024\/07\/IMG-20240724-WA0074.jpg","jetpack_sharing_enabled":true,"jetpack_likes_enabled":true,"amp_enabled":true,"_links":{"self":[{"href":"https:\/\/encuentroinformativo.com.mx\/index.php?rest_route=\/wp\/v2\/posts\/56938","targetHints":{"allow":["GET"]}}],"collection":[{"href":"https:\/\/encuentroinformativo.com.mx\/index.php?rest_route=\/wp\/v2\/posts"}],"about":[{"href":"https:\/\/encuentroinformativo.com.mx\/index.php?rest_route=\/wp\/v2\/types\/post"}],"author":[{"embeddable":true,"href":"https:\/\/encuentroinformativo.com.mx\/index.php?rest_route=\/wp\/v2\/users\/2476"}],"replies":[{"embeddable":true,"href":"https:\/\/encuentroinformativo.com.mx\/index.php?rest_route=%2Fwp%2Fv2%2Fcomments&post=56938"}],"version-history":[{"count":1,"href":"https:\/\/encuentroinformativo.com.mx\/index.php?rest_route=\/wp\/v2\/posts\/56938\/revisions"}],"predecessor-version":[{"id":56941,"href":"https:\/\/encuentroinformativo.com.mx\/index.php?rest_route=\/wp\/v2\/posts\/56938\/revisions\/56941"}],"wp:featuredmedia":[{"embeddable":true,"href":"https:\/\/encuentroinformativo.com.mx\/index.php?rest_route=\/wp\/v2\/media\/56939"}],"wp:attachment":[{"href":"https:\/\/encuentroinformativo.com.mx\/index.php?rest_route=%2Fwp%2Fv2%2Fmedia&parent=56938"}],"wp:term":[{"taxonomy":"category","embeddable":true,"href":"https:\/\/encuentroinformativo.com.mx\/index.php?rest_route=%2Fwp%2Fv2%2Fcategories&post=56938"},{"taxonomy":"post_tag","embeddable":true,"href":"https:\/\/encuentroinformativo.com.mx\/index.php?rest_route=%2Fwp%2Fv2%2Ftags&post=56938"}],"curies":[{"name":"wp","href":"https:\/\/api.w.org\/{rel}","templated":true}]}}