{"id":56944,"date":"2024-07-25T12:55:37","date_gmt":"2024-07-25T18:55:37","guid":{"rendered":"https:\/\/encuentroinformativo.com.mx\/?p=56944"},"modified":"2024-07-25T12:55:48","modified_gmt":"2024-07-25T18:55:48","slug":"necesaria-reforma-profunda-en-materia-de-seguridad-manuel-huerta","status":"publish","type":"post","link":"https:\/\/encuentroinformativo.com.mx\/?p=56944","title":{"rendered":"Necesaria reforma &#8220;profunda&#8221; en materia de seguridad: Manuel Huerta"},"content":{"rendered":"\n<p><strong>Dar\u00edo Pale <\/strong><\/p>\n\n\n\n<p>Xalapa, Ver.- Es urgente una reforma profunda en materia de seguridad p\u00fablica ante los abusos y excesos que cometen los elementos de las corporaciones policiales, as\u00ed lo dio a conocer el senador electo de Morena, Manuel Huerta Ladr\u00f3n de Guevara.<\/p>\n\n\n\n<p>En entrevista se\u00f1al\u00f3 que, la gobernadora electa, Roc\u00edo Nahle Garc\u00eda est\u00e1 al tanto de la situaci\u00f3n y se encuentra elaborando el plan de desarrollo, porque, subray\u00f3, tendr\u00e1 que venir una reforma sustantiva, incluso, en procuraci\u00f3n de justicia, &#8220;porque no pueden seguir las cosas como est\u00e1n&#8221;.\u00a0<\/p>\n\n\n\n<p>Acerca de la posible salida de Ver\u00f3nica Hern\u00e1ndez Giad\u00e1ns de la Fiscal\u00eda General del Estado, coment\u00f3 que la procuraci\u00f3n de justicia es una debilidad que tiene el sistema en general, pero se tiene que respetar la divisi\u00f3n de poderes.\u00a0<\/p>\n\n\n\n<p>Sobre el Poder Judicial acot\u00f3 que se debe hacer una reforma profunda en materia de procuraci\u00f3n de justicia, &#8220;no puede estar con la lentitud y opacidad, con los mecanismos que todo mundo criticamos&#8221;.\u00a0<\/p>\n\n\n\n<p>Record\u00f3 los casos de Totalco en Perote y lo que ocurri\u00f3 en el Fraccionamiento Residencial El Lago, &#8220;no se puede perseguir sin saber a qui\u00e9n se persigue, se puede entender que hay una emergencia, que empieces a revisar a la gente, pero tiene que haber protocolos y mecanismos de salvaguarda de los derechos humanos, a la presunci\u00f3n de inocencia, no nada m\u00e1s echando bala y lastimando, no puede seguir&#8221;.\u00a0<\/p>\n\n\n\n<p>El senador electo reiter\u00f3 que se debe hacer una reforma en materia de seguridad y no solo un cambio de nombre o de uniforme.\u00a0<\/p>\n\n\n\n<p>&#8220;Debe haber una reforma que nos lleve a una seguridad humana, debe d\u00e1rsele a la poblaci\u00f3n mecanismos de control de todo esto que est\u00e1 ocurriendo&#8221;, indic\u00f3.\u00a0<\/p>\n\n\n\n<p>Finalmente, acot\u00f3 que en materia de seguridad se debe incorporar la tecnolog\u00eda, adem\u00e1s de dar paso a que la sociedad participe y conozca lo que ocurre en la materia.<\/p>\n","protected":false},"excerpt":{"rendered":"<p>Dar\u00edo Pale Xalapa, Ver.- Es urgente una reforma profunda en materia de seguridad p\u00fablica ante los abusos y excesos que cometen los elementos de las corporaciones policiales, as\u00ed lo dio a conocer el senador electo de Morena, Manuel Huerta Ladr\u00f3n de Guevara. En entrevista se\u00f1al\u00f3 que, la gobernadora electa, Roc\u00edo Nahle Garc\u00eda est\u00e1 al tanto [&hellip;]<\/p>\n","protected":false},"author":2476,"featured_media":56945,"comment_status":"open","ping_status":"open","sticky":false,"template":"","format":"standard","meta":{"_jetpack_memberships_contains_paid_content":false,"footnotes":""},"categories":[2],"tags":[],"class_list":["post-56944","post","type-post","status-publish","format-standard","has-post-thumbnail","hentry","category-estado"],"jetpack_featured_media_url":"https:\/\/encuentroinformativo.com.mx\/wp-content\/uploads\/2024\/07\/IMG-20240725-WA0021.jpg","jetpack_sharing_enabled":true,"jetpack_likes_enabled":true,"amp_enabled":true,"_links":{"self":[{"href":"https:\/\/encuentroinformativo.com.mx\/index.php?rest_route=\/wp\/v2\/posts\/56944","targetHints":{"allow":["GET"]}}],"collection":[{"href":"https:\/\/encuentroinformativo.com.mx\/index.php?rest_route=\/wp\/v2\/posts"}],"about":[{"href":"https:\/\/encuentroinformativo.com.mx\/index.php?rest_route=\/wp\/v2\/types\/post"}],"author":[{"embeddable":true,"href":"https:\/\/encuentroinformativo.com.mx\/index.php?rest_route=\/wp\/v2\/users\/2476"}],"replies":[{"embeddable":true,"href":"https:\/\/encuentroinformativo.com.mx\/index.php?rest_route=%2Fwp%2Fv2%2Fcomments&post=56944"}],"version-history":[{"count":1,"href":"https:\/\/encuentroinformativo.com.mx\/index.php?rest_route=\/wp\/v2\/posts\/56944\/revisions"}],"predecessor-version":[{"id":56946,"href":"https:\/\/encuentroinformativo.com.mx\/index.php?rest_route=\/wp\/v2\/posts\/56944\/revisions\/56946"}],"wp:featuredmedia":[{"embeddable":true,"href":"https:\/\/encuentroinformativo.com.mx\/index.php?rest_route=\/wp\/v2\/media\/56945"}],"wp:attachment":[{"href":"https:\/\/encuentroinformativo.com.mx\/index.php?rest_route=%2Fwp%2Fv2%2Fmedia&parent=56944"}],"wp:term":[{"taxonomy":"category","embeddable":true,"href":"https:\/\/encuentroinformativo.com.mx\/index.php?rest_route=%2Fwp%2Fv2%2Fcategories&post=56944"},{"taxonomy":"post_tag","embeddable":true,"href":"https:\/\/encuentroinformativo.com.mx\/index.php?rest_route=%2Fwp%2Fv2%2Ftags&post=56944"}],"curies":[{"name":"wp","href":"https:\/\/api.w.org\/{rel}","templated":true}]}}